{"id":20780,"date":"2025-07-10T16:50:26","date_gmt":"2025-07-10T19:50:26","guid":{"rendered":"https:\/\/blogdodanielgalvao.com.br\/site\/?p=20780"},"modified":"2025-07-10T16:50:26","modified_gmt":"2025-07-10T19:50:26","slug":"turismo-e-economia-em-pauta-quissama-realiza-evento-com-foco-em-inovacao-e-desenvolvimento","status":"publish","type":"post","link":"https:\/\/blogdodanielgalvao.com.br\/site\/turismo-e-economia-em-pauta-quissama-realiza-evento-com-foco-em-inovacao-e-desenvolvimento\/","title":{"rendered":"Turismo e economia em pauta: Quissam\u00e3 realiza evento com foco em inova\u00e7\u00e3o e desenvolvimento"},"content":{"rendered":"<p>A Prefeitura de Quissam\u00e3 realizou nesta quarta-feira (10) um encontro no audit\u00f3rio do pr\u00e9dio administrativo para ampliar o di\u00e1logo sobre pol\u00edticas p\u00fablicas voltadas ao turismo e debater estrat\u00e9gias de diversifica\u00e7\u00e3o econ\u00f4mica. O evento reuniu autoridades locais, servidores p\u00fablicos, empreendedores e representantes do com\u00e9rcio.<\/p>\n<p>Estiveram presentes o prefeito Marcelo Batista, a vice-prefeita e secret\u00e1ria de Sa\u00fade, Sabrina Pereira, e a primeira-dama e secret\u00e1ria de Assist\u00eancia Social, Valqu\u00edria Batista, al\u00e9m de secret\u00e1rios municipais e outros convidados.<\/p>\n<p>Um dos destaques do encontro foi a palestra apresentada pelo ex-prefeito de Miguel Pereira, Andr\u00e9 Portugu\u00eas, e pelo atual vice-prefeito, Dr. Vitor Hugo Vieira. Eles compartilharam as a\u00e7\u00f5es que transformaram Miguel Pereira em um dos principais destinos tur\u00edsticos do Estado do Rio de Janeiro. A apresenta\u00e7\u00e3o abordou iniciativas como valoriza\u00e7\u00e3o do patrim\u00f4nio natural, incentivo ao empreendedorismo local e investimentos na estrutura\u00e7\u00e3o de atrativos tur\u00edsticos, ressaltando pontos em comum entre os dois munic\u00edpios.<\/p>\n<p>A troca de experi\u00eancias refor\u00e7a o compromisso de Quissam\u00e3 em desenvolver uma economia mais sustent\u00e1vel e alinhada \u00e0s suas potencialidades, com o objetivo de reduzir, progressivamente, a depend\u00eancia dos royalties do petr\u00f3leo.<\/p>\n<p>A presen\u00e7a dos gestores de Miguel Pereira contribuiu para enriquecer o debate e inspirar novas iniciativas em sintonia com as potencialidades naturais e hist\u00f3ricas de Quissam\u00e3. O munic\u00edpio vem desenvolvendo pol\u00edticas integradas que visam \u00e0 constru\u00e7\u00e3o de um modelo sustent\u00e1vel de desenvolvimento, tendo o turismo cultural como um de seus principais pilares.<\/p>\n<p>\u201cO turismo \u00e9 uma voca\u00e7\u00e3o natural de Quissam\u00e3. Temos uma hist\u00f3ria rica, paisagens \u00fanicas e uma popula\u00e7\u00e3o acolhedora. Nosso trabalho \u00e9 estruturar essas potencialidades de forma planejada, fortalecendo a economia local e abrindo novas oportunidades para a popula\u00e7\u00e3o. A troca de experi\u00eancias com Miguel Pereira \u00e9 um exemplo de coopera\u00e7\u00e3o que nos inspira a avan\u00e7ar com responsabilidade e vis\u00e3o de futuro\u201d, afirmou o prefeito Marcelo Batista.<\/p>\n<p>O secret\u00e1rio de Desenvolvimento Econ\u00f4mico, Trabalho e Turismo, Arnaldo Mattoso, refor\u00e7ou o comprometimento da gest\u00e3o com a diversifica\u00e7\u00e3o econ\u00f4mica. J\u00e1 a secret\u00e1ria de Cultura, Patrim\u00f4nio Hist\u00f3rico e Lazer, Kitiely Freitas, ressaltou que a cultura local \u00e9 o alicerce de qualquer a\u00e7\u00e3o na \u00e1rea do turismo.<\/p>\n<p>Andr\u00e9 Portugu\u00eas destacou a import\u00e2ncia da oportunidade de estar em Quissam\u00e3 para tratar de temas relacionados ao desenvolvimento do potencial tur\u00edstico, como ferramenta de fortalecimento da economia local.<\/p>\n<p>\u201cO que fizemos em Miguel Pereira foi mostrar que o turismo pode transformar realidades, gerar renda, valorizar a cultura local e mudar a autoestima da popula\u00e7\u00e3o. \u00c9 poss\u00edvel construir um destino de sucesso com planejamento, engajamento da comunidade e vis\u00e3o de longo prazo. Ver Quissam\u00e3 trilhando esse caminho \u00e9 motivo de alegria e refor\u00e7a o poder do interc\u00e2mbio entre cidades comprometidas com o desenvolvimento\u201d, afirmou Andr\u00e9 Portugu\u00eas.<\/p>\n","protected":false},"excerpt":{"rendered":"<p>A Prefeitura de Quissam\u00e3 realizou nesta quarta-feira (10) um encontro no audit\u00f3rio do pr\u00e9dio administrativo para ampliar o di\u00e1logo sobre pol\u00edticas p\u00fablicas voltadas ao turismo e debater estrat\u00e9gias de diversifica\u00e7\u00e3o econ\u00f4mica. O evento reuniu autoridades locais, servidores p\u00fablicos, empreendedores e representantes do com\u00e9rcio. Estiveram presentes o prefeito Marcelo Batista, a vice-prefeita e secret\u00e1ria de Sa\u00fade, [&hellip;]<\/p>\n","protected":false},"author":2,"featured_media":20781,"comment_status":"open","ping_status":"open","sticky":true,"template":"","format":"standard","meta":{"footnotes":""},"categories":[5],"tags":[1896],"class_list":["post-20780","post","type-post","status-publish","format-standard","has-post-thumbnail","hentry","category-quissama","tag-destaque"],"_links":{"self":[{"href":"https:\/\/blogdodanielgalvao.com.br\/site\/wp-json\/wp\/v2\/posts\/20780","targetHints":{"allow":["GET"]}}],"collection":[{"href":"https:\/\/blogdodanielgalvao.com.br\/site\/wp-json\/wp\/v2\/posts"}],"about":[{"href":"https:\/\/blogdodanielgalvao.com.br\/site\/wp-json\/wp\/v2\/types\/post"}],"author":[{"embeddable":true,"href":"https:\/\/blogdodanielgalvao.com.br\/site\/wp-json\/wp\/v2\/users\/2"}],"replies":[{"embeddable":true,"href":"https:\/\/blogdodanielgalvao.com.br\/site\/wp-json\/wp\/v2\/comments?post=20780"}],"version-history":[{"count":1,"href":"https:\/\/blogdodanielgalvao.com.br\/site\/wp-json\/wp\/v2\/posts\/20780\/revisions"}],"predecessor-version":[{"id":20782,"href":"https:\/\/blogdodanielgalvao.com.br\/site\/wp-json\/wp\/v2\/posts\/20780\/revisions\/20782"}],"wp:featuredmedia":[{"embeddable":true,"href":"https:\/\/blogdodanielgalvao.com.br\/site\/wp-json\/wp\/v2\/media\/20781"}],"wp:attachment":[{"href":"https:\/\/blogdodanielgalvao.com.br\/site\/wp-json\/wp\/v2\/media?parent=20780"}],"wp:term":[{"taxonomy":"category","embeddable":true,"href":"https:\/\/blogdodanielgalvao.com.br\/site\/wp-json\/wp\/v2\/categories?post=20780"},{"taxonomy":"post_tag","embeddable":true,"href":"https:\/\/blogdodanielgalvao.com.br\/site\/wp-json\/wp\/v2\/tags?post=20780"}],"curies":[{"name":"wp","href":"https:\/\/api.w.org\/{rel}","templated":true}]}}