{"id":20777,"date":"2025-07-10T16:44:32","date_gmt":"2025-07-10T19:44:32","guid":{"rendered":"https:\/\/blogdodanielgalvao.com.br\/site\/?p=20777"},"modified":"2025-07-10T16:44:32","modified_gmt":"2025-07-10T19:44:32","slug":"prefeitura-de-arraial-promove-mutirao-de-limpeza-com-apoio-social-e-institucional","status":"publish","type":"post","link":"https:\/\/blogdodanielgalvao.com.br\/site\/prefeitura-de-arraial-promove-mutirao-de-limpeza-com-apoio-social-e-institucional\/","title":{"rendered":"Prefeitura de Arraial promove mutir\u00e3o de limpeza com apoio social e institucional"},"content":{"rendered":"<p>A Prefeitura de Arraial do Cabo intensificou, nesta quinta-feira (10), uma s\u00e9rie de a\u00e7\u00f5es voltadas \u00e0 manuten\u00e7\u00e3o e cuidado com os espa\u00e7os p\u00fablicos da cidade. O trabalho, que prioriza seguran\u00e7a, limpeza e organiza\u00e7\u00e3o urbana, visa proporcionar mais bem-estar para moradores e visitantes.<\/p>\n<p>Entre as medidas executadas, est\u00e1 a remo\u00e7\u00e3o de entulhos, m\u00f3veis descartados e diversos objetos deixados de forma irregular em vias p\u00fablicas e \u00e1reas de conviv\u00eancia. A a\u00e7\u00e3o faz parte do plano permanente de zeladoria do munic\u00edpio.<\/p>\n<p>Antes da realiza\u00e7\u00e3o das interven\u00e7\u00f5es, profissionais do Centro de Refer\u00eancia Especializado de Assist\u00eancia Social (Creas) realizam um trabalho de abordagem social nos locais onde h\u00e1 pessoas em situa\u00e7\u00e3o de rua. A equipe de educadores atua oferecendo orienta\u00e7\u00e3o, apoio e encaminhamentos para servi\u00e7os p\u00fablicos dispon\u00edveis, al\u00e9m de informar previamente sobre as a\u00e7\u00f5es que ser\u00e3o realizadas naquela regi\u00e3o.<\/p>\n<p>Todas as etapas seguem um protocolo estabelecido com base em diretrizes do Supremo Tribunal Federal (STF), que determina o respeito \u00e0 dignidade e aos direitos das pessoas em situa\u00e7\u00e3o de vulnerabilidade social.<\/p>\n<p>A opera\u00e7\u00e3o foi articulada entre as Secretarias Municipais de Servi\u00e7os P\u00fablicos, Seguran\u00e7a P\u00fablica, Desenvolvimento Social e Posturas, reafirmando o compromisso da gest\u00e3o com uma cidade mais organizada, inclusiva\u00a0e\u00a0acolhedora.<\/p>\n","protected":false},"excerpt":{"rendered":"<p>A Prefeitura de Arraial do Cabo intensificou, nesta quinta-feira (10), uma s\u00e9rie de a\u00e7\u00f5es voltadas \u00e0 manuten\u00e7\u00e3o e cuidado com os espa\u00e7os p\u00fablicos da cidade. O trabalho, que prioriza seguran\u00e7a, limpeza e organiza\u00e7\u00e3o urbana, visa proporcionar mais bem-estar para moradores e visitantes. Entre as medidas executadas, est\u00e1 a remo\u00e7\u00e3o de entulhos, m\u00f3veis descartados e diversos [&hellip;]<\/p>\n","protected":false},"author":2,"featured_media":20778,"comment_status":"open","ping_status":"open","sticky":true,"template":"","format":"standard","meta":{"footnotes":""},"categories":[838],"tags":[1896],"class_list":["post-20777","post","type-post","status-publish","format-standard","has-post-thumbnail","hentry","category-arraial-do-cabo","tag-destaque"],"_links":{"self":[{"href":"https:\/\/blogdodanielgalvao.com.br\/site\/wp-json\/wp\/v2\/posts\/20777","targetHints":{"allow":["GET"]}}],"collection":[{"href":"https:\/\/blogdodanielgalvao.com.br\/site\/wp-json\/wp\/v2\/posts"}],"about":[{"href":"https:\/\/blogdodanielgalvao.com.br\/site\/wp-json\/wp\/v2\/types\/post"}],"author":[{"embeddable":true,"href":"https:\/\/blogdodanielgalvao.com.br\/site\/wp-json\/wp\/v2\/users\/2"}],"replies":[{"embeddable":true,"href":"https:\/\/blogdodanielgalvao.com.br\/site\/wp-json\/wp\/v2\/comments?post=20777"}],"version-history":[{"count":1,"href":"https:\/\/blogdodanielgalvao.com.br\/site\/wp-json\/wp\/v2\/posts\/20777\/revisions"}],"predecessor-version":[{"id":20779,"href":"https:\/\/blogdodanielgalvao.com.br\/site\/wp-json\/wp\/v2\/posts\/20777\/revisions\/20779"}],"wp:featuredmedia":[{"embeddable":true,"href":"https:\/\/blogdodanielgalvao.com.br\/site\/wp-json\/wp\/v2\/media\/20778"}],"wp:attachment":[{"href":"https:\/\/blogdodanielgalvao.com.br\/site\/wp-json\/wp\/v2\/media?parent=20777"}],"wp:term":[{"taxonomy":"category","embeddable":true,"href":"https:\/\/blogdodanielgalvao.com.br\/site\/wp-json\/wp\/v2\/categories?post=20777"},{"taxonomy":"post_tag","embeddable":true,"href":"https:\/\/blogdodanielgalvao.com.br\/site\/wp-json\/wp\/v2\/tags?post=20777"}],"curies":[{"name":"wp","href":"https:\/\/api.w.org\/{rel}","templated":true}]}}