{"id":20774,"date":"2025-07-10T16:36:32","date_gmt":"2025-07-10T19:36:32","guid":{"rendered":"https:\/\/blogdodanielgalvao.com.br\/site\/?p=20774"},"modified":"2025-07-10T16:36:32","modified_gmt":"2025-07-10T19:36:32","slug":"prefeitura-inaugura-nova-unidade-de-assistencia-social-no-distrito-de-praia-seca","status":"publish","type":"post","link":"https:\/\/blogdodanielgalvao.com.br\/site\/prefeitura-inaugura-nova-unidade-de-assistencia-social-no-distrito-de-praia-seca\/","title":{"rendered":"Prefeitura inaugura nova unidade de assist\u00eancia social no distrito de Praia Seca"},"content":{"rendered":"<p>Depois de um adiamento em raz\u00e3o do mau tempo na \u00faltima semana, a Prefeitura de Araruama finalmente inaugurou, nessa quarta-feira, 9, em Praia Seca, a nova unidade do projeto \u201cSEPOL no seu Bairro\u201d, em refer\u00eancia \u00e0 sigla da Secretaria de Pol\u00edcia Social, Trabalho, Habita\u00e7\u00e3o, Terceira Idade e Desenvolvimento Humano.<\/p>\n<p>A solenidade aconteceu com a presen\u00e7a da prefeita Daniela Soares (PL) e da vice-prefeita e secret\u00e1ria da pasta, Ver\u00f4nica do Caf\u00e9 Capri (NOVO), al\u00e9m de outras autoridades do governo municipal e vereadores.<\/p>\n<p>A nova unidade faz parte de um projeto da atual gest\u00e3o de descentraliza\u00e7\u00e3o dos servi\u00e7os socioassistenciais do munic\u00edpio, ampliando o acesso para moradores de localidades mais afastadas da regi\u00e3o central da cidade.<\/p>\n<p>De acordo com a prefeitura, o polo funcionar\u00e1 como uma extens\u00e3o do Centro de Refer\u00eancia de Assist\u00eancia Social (CRAS) do Outeiro, respons\u00e1vel pelo atendimento da regi\u00e3o, mas que registra baixa procura por parte da popula\u00e7\u00e3o do 4\u00ba distrito, devido \u00e0 dist\u00e2ncia e aos custos de transporte<\/p>\n<p>\u201cAgora, os moradores de Praia Seca poder\u00e3o contar com os servi\u00e7os essenciais de assist\u00eancia social\u00a0mais perto de casa\u201d, anunciou a prefeitura nessa quarta-feira.<\/p>\n<p>Contando com atendimento de assistentes sociais e psic\u00f3logos, al\u00e9m de oferecer orienta\u00e7\u00f5es sobre programas sociais do governo federal, como o novo Cadastro \u00danico para Programas Sociais (Cad\u00danico), a unidade funciona \u00e0s segundas e sextas, das 8h \u00e0s 17h, por demanda espont\u00e2nea, ou seja, sem necessidade de agendamento pr\u00e9vio.<\/p>\n<p>\u201cA iniciativa \u00e9 uma 1\u00aa semente para a instala\u00e7\u00e3o de um CRAS definitivo em Praia Seca, conforme compromisso firmado no Plano de Governo da prefeita. Com essa inaugura\u00e7\u00e3o, a gest\u00e3o municipal refor\u00e7a o compromisso com uma pol\u00edtica de assist\u00eancia mais humanizada, acess\u00edvel e presente em todos os cantos da cidade\u201d, completou o munic\u00edpio.<\/p>\n","protected":false},"excerpt":{"rendered":"<p>Depois de um adiamento em raz\u00e3o do mau tempo na \u00faltima semana, a Prefeitura de Araruama finalmente inaugurou, nessa quarta-feira, 9, em Praia Seca, a nova unidade do projeto \u201cSEPOL no seu Bairro\u201d, em refer\u00eancia \u00e0 sigla da Secretaria de Pol\u00edcia Social, Trabalho, Habita\u00e7\u00e3o, Terceira Idade e Desenvolvimento Humano. A solenidade aconteceu com a presen\u00e7a [&hellip;]<\/p>\n","protected":false},"author":2,"featured_media":20775,"comment_status":"open","ping_status":"open","sticky":true,"template":"","format":"standard","meta":{"footnotes":""},"categories":[208],"tags":[1896],"class_list":["post-20774","post","type-post","status-publish","format-standard","has-post-thumbnail","hentry","category-araruama","tag-destaque"],"_links":{"self":[{"href":"https:\/\/blogdodanielgalvao.com.br\/site\/wp-json\/wp\/v2\/posts\/20774","targetHints":{"allow":["GET"]}}],"collection":[{"href":"https:\/\/blogdodanielgalvao.com.br\/site\/wp-json\/wp\/v2\/posts"}],"about":[{"href":"https:\/\/blogdodanielgalvao.com.br\/site\/wp-json\/wp\/v2\/types\/post"}],"author":[{"embeddable":true,"href":"https:\/\/blogdodanielgalvao.com.br\/site\/wp-json\/wp\/v2\/users\/2"}],"replies":[{"embeddable":true,"href":"https:\/\/blogdodanielgalvao.com.br\/site\/wp-json\/wp\/v2\/comments?post=20774"}],"version-history":[{"count":1,"href":"https:\/\/blogdodanielgalvao.com.br\/site\/wp-json\/wp\/v2\/posts\/20774\/revisions"}],"predecessor-version":[{"id":20776,"href":"https:\/\/blogdodanielgalvao.com.br\/site\/wp-json\/wp\/v2\/posts\/20774\/revisions\/20776"}],"wp:featuredmedia":[{"embeddable":true,"href":"https:\/\/blogdodanielgalvao.com.br\/site\/wp-json\/wp\/v2\/media\/20775"}],"wp:attachment":[{"href":"https:\/\/blogdodanielgalvao.com.br\/site\/wp-json\/wp\/v2\/media?parent=20774"}],"wp:term":[{"taxonomy":"category","embeddable":true,"href":"https:\/\/blogdodanielgalvao.com.br\/site\/wp-json\/wp\/v2\/categories?post=20774"},{"taxonomy":"post_tag","embeddable":true,"href":"https:\/\/blogdodanielgalvao.com.br\/site\/wp-json\/wp\/v2\/tags?post=20774"}],"curies":[{"name":"wp","href":"https:\/\/api.w.org\/{rel}","templated":true}]}}