{"id":20764,"date":"2025-07-10T15:53:43","date_gmt":"2025-07-10T18:53:43","guid":{"rendered":"https:\/\/blogdodanielgalvao.com.br\/site\/?p=20764"},"modified":"2025-07-10T15:53:43","modified_gmt":"2025-07-10T18:53:43","slug":"arrecadacao-de-icms-dispara-e-cabo-frio-se-consolida-como-referencia-em-desenvolvimento-sustentavel","status":"publish","type":"post","link":"https:\/\/blogdodanielgalvao.com.br\/site\/arrecadacao-de-icms-dispara-e-cabo-frio-se-consolida-como-referencia-em-desenvolvimento-sustentavel\/","title":{"rendered":"Arrecada\u00e7\u00e3o de ICMS dispara e Cabo Frio se consolida como refer\u00eancia em desenvolvimento sustent\u00e1vel"},"content":{"rendered":"<p>Cabo Frio vem demonstrando, na pr\u00e1tica, que gest\u00e3o p\u00fablica eficiente faz diferen\u00e7a. Sob comando do prefeito Dr. Serginho, o munic\u00edpio registrou um salto de 25% na arrecada\u00e7\u00e3o de ICMS entre janeiro e maio de 2025, comparado ao mesmo per\u00edodo de 2024. O dado confirma o impacto direto de pol\u00edticas que priorizam o crescimento econ\u00f4mico com base na diversifica\u00e7\u00e3o e sustentabilidade.<\/p>\n<p>Esse avan\u00e7o \u00e9 reflexo de uma s\u00e9rie de a\u00e7\u00f5es articuladas pela atual administra\u00e7\u00e3o, como o enxugamento da burocracia, o est\u00edmulo \u00e0 instala\u00e7\u00e3o de novos neg\u00f3cios e o fortalecimento do setor tur\u00edstico. A consolida\u00e7\u00e3o de um calend\u00e1rio fixo de eventos, por exemplo, tem dado \u00e0 cidade mais previsibilidade, beneficiando comerciantes, operadores tur\u00edsticos e visitantes ao longo de todo o ano.<\/p>\n<p>Mas os efeitos positivos n\u00e3o param por a\u00ed. Segundo o CAGED (Cadastro Geral de Empregados e Desempregados), Cabo Frio gerou 783 novos empregos formais nos primeiros quatro meses de 2025 \u2014 n\u00famero expressivo frente aos 413 registrados no mesmo per\u00edodo do ano passado. O resultado comprova o impacto direto das pol\u00edticas da prefeitura na empregabilidade local.<\/p>\n<p>Para o prefeito Dr. Serginho, os resultados s\u00e3o consequ\u00eancia de um modelo de gest\u00e3o com foco em efici\u00eancia e progresso social. \u201cNo plano de reconstru\u00e7\u00e3o da nossa cidade, o desenvolvimento econ\u00f4mico ocupa lugar central. Vamos seguir priorizando a capacita\u00e7\u00e3o da popula\u00e7\u00e3o e a cria\u00e7\u00e3o de um ambiente acolhedor para investidores\u201d, afirmou.<\/p>\n<p>Com metas claras e estrat\u00e9gias bem executadas, Cabo Frio vai se consolidando como uma lideran\u00e7a regional em inova\u00e7\u00e3o, inclus\u00e3o e responsabilidade econ\u00f4mica. A cidade mostra que, com vontade pol\u00edtica e vis\u00e3o de longo prazo, \u00e9 poss\u00edvel crescer sem abrir m\u00e3o da qualidade de vida e do cuidado\u00a0com\u00a0o\u00a0futuro.<\/p>\n","protected":false},"excerpt":{"rendered":"<p>Cabo Frio vem demonstrando, na pr\u00e1tica, que gest\u00e3o p\u00fablica eficiente faz diferen\u00e7a. Sob comando do prefeito Dr. Serginho, o munic\u00edpio registrou um salto de 25% na arrecada\u00e7\u00e3o de ICMS entre janeiro e maio de 2025, comparado ao mesmo per\u00edodo de 2024. O dado confirma o impacto direto de pol\u00edticas que priorizam o crescimento econ\u00f4mico com [&hellip;]<\/p>\n","protected":false},"author":2,"featured_media":20765,"comment_status":"open","ping_status":"open","sticky":true,"template":"","format":"standard","meta":{"footnotes":""},"categories":[340],"tags":[1896],"class_list":["post-20764","post","type-post","status-publish","format-standard","has-post-thumbnail","hentry","category-cabo-frio","tag-destaque"],"_links":{"self":[{"href":"https:\/\/blogdodanielgalvao.com.br\/site\/wp-json\/wp\/v2\/posts\/20764","targetHints":{"allow":["GET"]}}],"collection":[{"href":"https:\/\/blogdodanielgalvao.com.br\/site\/wp-json\/wp\/v2\/posts"}],"about":[{"href":"https:\/\/blogdodanielgalvao.com.br\/site\/wp-json\/wp\/v2\/types\/post"}],"author":[{"embeddable":true,"href":"https:\/\/blogdodanielgalvao.com.br\/site\/wp-json\/wp\/v2\/users\/2"}],"replies":[{"embeddable":true,"href":"https:\/\/blogdodanielgalvao.com.br\/site\/wp-json\/wp\/v2\/comments?post=20764"}],"version-history":[{"count":1,"href":"https:\/\/blogdodanielgalvao.com.br\/site\/wp-json\/wp\/v2\/posts\/20764\/revisions"}],"predecessor-version":[{"id":20766,"href":"https:\/\/blogdodanielgalvao.com.br\/site\/wp-json\/wp\/v2\/posts\/20764\/revisions\/20766"}],"wp:featuredmedia":[{"embeddable":true,"href":"https:\/\/blogdodanielgalvao.com.br\/site\/wp-json\/wp\/v2\/media\/20765"}],"wp:attachment":[{"href":"https:\/\/blogdodanielgalvao.com.br\/site\/wp-json\/wp\/v2\/media?parent=20764"}],"wp:term":[{"taxonomy":"category","embeddable":true,"href":"https:\/\/blogdodanielgalvao.com.br\/site\/wp-json\/wp\/v2\/categories?post=20764"},{"taxonomy":"post_tag","embeddable":true,"href":"https:\/\/blogdodanielgalvao.com.br\/site\/wp-json\/wp\/v2\/tags?post=20764"}],"curies":[{"name":"wp","href":"https:\/\/api.w.org\/{rel}","templated":true}]}}