{"id":20761,"date":"2025-07-10T15:32:33","date_gmt":"2025-07-10T18:32:33","guid":{"rendered":"https:\/\/blogdodanielgalvao.com.br\/site\/?p=20761"},"modified":"2025-07-10T15:32:33","modified_gmt":"2025-07-10T18:32:33","slug":"festival-moto-rock-2025-muda-fluxo-de-veiculos-na-orla-de-cabo-frio","status":"publish","type":"post","link":"https:\/\/blogdodanielgalvao.com.br\/site\/festival-moto-rock-2025-muda-fluxo-de-veiculos-na-orla-de-cabo-frio\/","title":{"rendered":"Festival Moto Rock 2025 muda fluxo de ve\u00edculos na orla de Cabo Frio"},"content":{"rendered":"<p>O Festival Cabo Frio Moto Rock 2025 j\u00e1 est\u00e1 movimentando a cidade, e com isso, o tr\u00e2nsito na Avenida Hilton Massa, na Praia do Forte, precisou ser alterado. Desde esta quinta-feira (10), o tr\u00e1fego est\u00e1 interrompido no sentido bairro Passagem, no trecho que vai da rotat\u00f3ria em frente \u00e0 Pra\u00e7a das \u00c1guas at\u00e9 o espa\u00e7o reservado para o evento.<\/p>\n<p>A interdi\u00e7\u00e3o segue at\u00e9 o encerramento do festival, no domingo (13), e agentes da Guarda Civil Municipal est\u00e3o atuando na regi\u00e3o para orientar motoristas e garantir a fluidez do tr\u00e1fego nos arredores.<\/p>\n<p>O evento, que ocorre entre os dias 10 e 13 de julho, tem entrada gratuita e promete reunir moradores e visitantes com uma programa\u00e7\u00e3o diversificada. Ser\u00e3o mais de 15 bandas se apresentando, al\u00e9m de \u00e1rea gastron\u00f4mica, feira de artesanato e espa\u00e7o dedicado a expositores e amantes de motos.<\/p>\n<p>O destaque da programa\u00e7\u00e3o \u00e9 o show da banda Capital Inicial, que acontece na sexta-feira (11), no palco principal montado na orla da Praia do Forte. A expectativa \u00e9 de grande p\u00fablico e movimenta\u00e7\u00e3o intensa na regi\u00e3o.<\/p>\n<p>Para mais informa\u00e7\u00f5es sobre hor\u00e1rios dos shows e atra\u00e7\u00f5es do festival, o cronograma completo est\u00e1 dispon\u00edvel no site oficial da Prefeitura de Cabo Frio:<\/p>\n<p><a href=\"https:\/\/noticias.cabofrio.rj.gov.br\/festival-cabo-frio-moto-rock-2025-comeca-nesta-quinta-feira-10-na-praia-do-forte\/\">https:\/\/noticias.cabofrio.rj.gov.br\/festival-cabo-frio-moto-rock-2025-comeca-nesta-quinta-feira-10-na-praia-do-forte\/<\/a><\/p>\n","protected":false},"excerpt":{"rendered":"<p>O Festival Cabo Frio Moto Rock 2025 j\u00e1 est\u00e1 movimentando a cidade, e com isso, o tr\u00e2nsito na Avenida Hilton Massa, na Praia do Forte, precisou ser alterado. Desde esta quinta-feira (10), o tr\u00e1fego est\u00e1 interrompido no sentido bairro Passagem, no trecho que vai da rotat\u00f3ria em frente \u00e0 Pra\u00e7a das \u00c1guas at\u00e9 o espa\u00e7o [&hellip;]<\/p>\n","protected":false},"author":2,"featured_media":20762,"comment_status":"open","ping_status":"open","sticky":true,"template":"","format":"standard","meta":{"footnotes":""},"categories":[340],"tags":[1896],"class_list":["post-20761","post","type-post","status-publish","format-standard","has-post-thumbnail","hentry","category-cabo-frio","tag-destaque"],"_links":{"self":[{"href":"https:\/\/blogdodanielgalvao.com.br\/site\/wp-json\/wp\/v2\/posts\/20761","targetHints":{"allow":["GET"]}}],"collection":[{"href":"https:\/\/blogdodanielgalvao.com.br\/site\/wp-json\/wp\/v2\/posts"}],"about":[{"href":"https:\/\/blogdodanielgalvao.com.br\/site\/wp-json\/wp\/v2\/types\/post"}],"author":[{"embeddable":true,"href":"https:\/\/blogdodanielgalvao.com.br\/site\/wp-json\/wp\/v2\/users\/2"}],"replies":[{"embeddable":true,"href":"https:\/\/blogdodanielgalvao.com.br\/site\/wp-json\/wp\/v2\/comments?post=20761"}],"version-history":[{"count":1,"href":"https:\/\/blogdodanielgalvao.com.br\/site\/wp-json\/wp\/v2\/posts\/20761\/revisions"}],"predecessor-version":[{"id":20763,"href":"https:\/\/blogdodanielgalvao.com.br\/site\/wp-json\/wp\/v2\/posts\/20761\/revisions\/20763"}],"wp:featuredmedia":[{"embeddable":true,"href":"https:\/\/blogdodanielgalvao.com.br\/site\/wp-json\/wp\/v2\/media\/20762"}],"wp:attachment":[{"href":"https:\/\/blogdodanielgalvao.com.br\/site\/wp-json\/wp\/v2\/media?parent=20761"}],"wp:term":[{"taxonomy":"category","embeddable":true,"href":"https:\/\/blogdodanielgalvao.com.br\/site\/wp-json\/wp\/v2\/categories?post=20761"},{"taxonomy":"post_tag","embeddable":true,"href":"https:\/\/blogdodanielgalvao.com.br\/site\/wp-json\/wp\/v2\/tags?post=20761"}],"curies":[{"name":"wp","href":"https:\/\/api.w.org\/{rel}","templated":true}]}}