{"id":20754,"date":"2025-07-10T15:23:50","date_gmt":"2025-07-10T18:23:50","guid":{"rendered":"https:\/\/blogdodanielgalvao.com.br\/site\/?p=20754"},"modified":"2025-07-10T15:24:26","modified_gmt":"2025-07-10T18:24:26","slug":"baleia-e-atingida-por-lancha-em-arraial-do-cabo-e-caso-gera-mobilizacao-ambiental","status":"publish","type":"post","link":"https:\/\/blogdodanielgalvao.com.br\/site\/baleia-e-atingida-por-lancha-em-arraial-do-cabo-e-caso-gera-mobilizacao-ambiental\/","title":{"rendered":"Baleia \u00e9 atingida por lancha em Arraial do Cabo e caso gera mobiliza\u00e7\u00e3o ambiental"},"content":{"rendered":"<p>Ap\u00f3s o registro do atropelamento de uma baleia jubarte por uma lancha de turismo, registrado no \u00faltimo domingo (6) nas proximidades da Praia dos Anjos, em Arraial do Cabo, autoridades ambientais intensificaram a\u00e7\u00f5es de orienta\u00e7\u00e3o e fiscaliza\u00e7\u00e3o na cidade. A colis\u00e3o, que ocorreu mesmo com alertas de outras embarca\u00e7\u00f5es pr\u00f3ximas, gerou grande repercuss\u00e3o. O condutor foi identificado, autuado e o caso segue sob investiga\u00e7\u00e3o do ICMBio, Marinha e Pol\u00edcia Federal.<\/p>\n<p>Como resposta direta ao ocorrido, o Instituto Chico Mendes de Conserva\u00e7\u00e3o da Biodiversidade (ICMBio), em conjunto com o Projeto Mar de Baleias, realizou na manh\u00e3 desta quinta-feira (10) uma a\u00e7\u00e3o de conscientiza\u00e7\u00e3o na Marina dos Pescadores. O objetivo foi promover boas pr\u00e1ticas na intera\u00e7\u00e3o com cet\u00e1ceos, com foco especial no turismo n\u00e1utico.<\/p>\n<p>A atividade incluiu a adesivagem de embarca\u00e7\u00f5es autorizadas para observa\u00e7\u00e3o de baleias e golfinhos. Os adesivos trazem orienta\u00e7\u00f5es baseadas na legisla\u00e7\u00e3o ambiental, como a dist\u00e2ncia m\u00ednima obrigat\u00f3ria de 100 metros entre barcos e os animais, al\u00e9m da velocidade limite de 5 n\u00f3s (aproximadamente 10 km\/h).<\/p>\n<p>Al\u00e9m da aplica\u00e7\u00e3o dos materiais informativos, representantes do ICMBio e do Projeto Mar de Baleias conversaram com os condutores das embarca\u00e7\u00f5es, refor\u00e7ando o papel do turismo consciente na preserva\u00e7\u00e3o da vida marinha. A a\u00e7\u00e3o contou com o apoio da Funda\u00e7\u00e3o de Meio Ambiente (Funtec), da Secretaria Municipal de Meio Ambiente e de operadores locais do setor n\u00e1utico.<\/p>\n<p>A temporada de avistamento de baleias jubarte na costa brasileira ocorre entre junho e setembro, atraindo turistas de todas as regi\u00f5es e aumentando o tr\u00e1fego de embarca\u00e7\u00f5es. Por isso, a\u00e7\u00f5es educativas como essa s\u00e3o consideradas essenciais para reduzir os riscos de acidentes e garantir o equil\u00edbrio ecol\u00f3gico da regi\u00e3o.<\/p>\n<p>Arraial do Cabo, por ser uma das principais rotas de passagem desses animais, vem se destacando pela integra\u00e7\u00e3o entre turismo e conserva\u00e7\u00e3o ambiental \u2014 um esfor\u00e7o que precisa ser constante, sobretudo em per\u00edodos de alta\u00a0movimenta\u00e7\u00e3o.<\/p>\n","protected":false},"excerpt":{"rendered":"<p>Ap\u00f3s o registro do atropelamento de uma baleia jubarte por uma lancha de turismo, registrado no \u00faltimo domingo (6) nas proximidades da Praia dos Anjos, em Arraial do Cabo, autoridades ambientais intensificaram a\u00e7\u00f5es de orienta\u00e7\u00e3o e fiscaliza\u00e7\u00e3o na cidade. A colis\u00e3o, que ocorreu mesmo com alertas de outras embarca\u00e7\u00f5es pr\u00f3ximas, gerou grande repercuss\u00e3o. O condutor [&hellip;]<\/p>\n","protected":false},"author":2,"featured_media":20755,"comment_status":"open","ping_status":"open","sticky":true,"template":"","format":"standard","meta":{"footnotes":""},"categories":[838],"tags":[],"class_list":["post-20754","post","type-post","status-publish","format-standard","has-post-thumbnail","hentry","category-arraial-do-cabo"],"_links":{"self":[{"href":"https:\/\/blogdodanielgalvao.com.br\/site\/wp-json\/wp\/v2\/posts\/20754","targetHints":{"allow":["GET"]}}],"collection":[{"href":"https:\/\/blogdodanielgalvao.com.br\/site\/wp-json\/wp\/v2\/posts"}],"about":[{"href":"https:\/\/blogdodanielgalvao.com.br\/site\/wp-json\/wp\/v2\/types\/post"}],"author":[{"embeddable":true,"href":"https:\/\/blogdodanielgalvao.com.br\/site\/wp-json\/wp\/v2\/users\/2"}],"replies":[{"embeddable":true,"href":"https:\/\/blogdodanielgalvao.com.br\/site\/wp-json\/wp\/v2\/comments?post=20754"}],"version-history":[{"count":2,"href":"https:\/\/blogdodanielgalvao.com.br\/site\/wp-json\/wp\/v2\/posts\/20754\/revisions"}],"predecessor-version":[{"id":20760,"href":"https:\/\/blogdodanielgalvao.com.br\/site\/wp-json\/wp\/v2\/posts\/20754\/revisions\/20760"}],"wp:featuredmedia":[{"embeddable":true,"href":"https:\/\/blogdodanielgalvao.com.br\/site\/wp-json\/wp\/v2\/media\/20755"}],"wp:attachment":[{"href":"https:\/\/blogdodanielgalvao.com.br\/site\/wp-json\/wp\/v2\/media?parent=20754"}],"wp:term":[{"taxonomy":"category","embeddable":true,"href":"https:\/\/blogdodanielgalvao.com.br\/site\/wp-json\/wp\/v2\/categories?post=20754"},{"taxonomy":"post_tag","embeddable":true,"href":"https:\/\/blogdodanielgalvao.com.br\/site\/wp-json\/wp\/v2\/tags?post=20754"}],"curies":[{"name":"wp","href":"https:\/\/api.w.org\/{rel}","templated":true}]}}