{"id":20749,"date":"2025-07-10T15:04:36","date_gmt":"2025-07-10T18:04:36","guid":{"rendered":"https:\/\/blogdodanielgalvao.com.br\/site\/?p=20749"},"modified":"2025-07-10T15:04:36","modified_gmt":"2025-07-10T18:04:36","slug":"cabo-frio-ativa-rede-de-solidariedade-com-nova-edicao-da-campanha-do-agasalho","status":"publish","type":"post","link":"https:\/\/blogdodanielgalvao.com.br\/site\/cabo-frio-ativa-rede-de-solidariedade-com-nova-edicao-da-campanha-do-agasalho\/","title":{"rendered":"Cabo Frio ativa rede de solidariedade com nova edi\u00e7\u00e3o da Campanha do Agasalho"},"content":{"rendered":"<p>Com a chegada da forte frente fria, a Prefeitura de Cabo Frio, por meio da Secretaria da Fam\u00edlia e Juventude, deu in\u00edcio \u00e0 Campanha do Agasalho. A a\u00e7\u00e3o tem como foco arrecadar roupas de inverno e cobertores para atender pessoas em situa\u00e7\u00e3o de vulnerabilidade social.<\/p>\n<p>A popula\u00e7\u00e3o pode doar agasalhos, cal\u00e7as, casacos, meias, gorros, cobertores e cal\u00e7ados em bom estado \u2014 tanto para adultos quanto para crian\u00e7as. Todo o material ser\u00e1 destinado a fam\u00edlias que enfrentam dificuldades nesse per\u00edodo de baixas temperaturas.<\/p>\n<p>Os pontos de coleta funcionam em parceria com institui\u00e7\u00f5es religiosas e est\u00e3o distribu\u00eddos em locais estrat\u00e9gicos da cidade. S\u00e3o eles:<\/p>\n<p>* Secretaria da Fam\u00edlia e Juventude: Lago Santo Ant\u00f4nio &#8211; N131 &#8211; Itajuru<\/p>\n<p>* Igreja Metodista Central: Av. Nossa Senhora da Assun\u00e7\u00e3o, 765 \u2013 Centro<\/p>\n<p>* Catedral da Assembleia de Deus: Av. Adolfo Beranger J\u00fanior, 59 \u2013 S\u00e3o Crist\u00f3v\u00e3o<\/p>\n<p>Segundo o secret\u00e1rio da pasta, Rog\u00e9rio Fernandes, a participa\u00e7\u00e3o dos moradores \u00e9 fundamental para o sucesso da iniciativa. \u201cA Campanha do Agasalho tem o poder de transformar o inverno de muitas pessoas. A solidariedade da popula\u00e7\u00e3o \u00e9 o que move essa a\u00e7\u00e3o e faz a diferen\u00e7a na vida de quem mais precisa\u201d, destacou.<\/p>\n<p>As doa\u00e7\u00f5es ser\u00e3o organizadas e entregues \u00e0s fam\u00edlias atendidas pela rede municipal de assist\u00eancia social, garantindo acolhimento e dignidade nos dias mais\u00a0frios\u00a0do\u00a0ano.<\/p>\n","protected":false},"excerpt":{"rendered":"<p>Com a chegada da forte frente fria, a Prefeitura de Cabo Frio, por meio da Secretaria da Fam\u00edlia e Juventude, deu in\u00edcio \u00e0 Campanha do Agasalho. A a\u00e7\u00e3o tem como foco arrecadar roupas de inverno e cobertores para atender pessoas em situa\u00e7\u00e3o de vulnerabilidade social. A popula\u00e7\u00e3o pode doar agasalhos, cal\u00e7as, casacos, meias, gorros, cobertores [&hellip;]<\/p>\n","protected":false},"author":2,"featured_media":20751,"comment_status":"open","ping_status":"open","sticky":true,"template":"","format":"standard","meta":{"footnotes":""},"categories":[340],"tags":[1896],"class_list":["post-20749","post","type-post","status-publish","format-standard","has-post-thumbnail","hentry","category-cabo-frio","tag-destaque"],"_links":{"self":[{"href":"https:\/\/blogdodanielgalvao.com.br\/site\/wp-json\/wp\/v2\/posts\/20749","targetHints":{"allow":["GET"]}}],"collection":[{"href":"https:\/\/blogdodanielgalvao.com.br\/site\/wp-json\/wp\/v2\/posts"}],"about":[{"href":"https:\/\/blogdodanielgalvao.com.br\/site\/wp-json\/wp\/v2\/types\/post"}],"author":[{"embeddable":true,"href":"https:\/\/blogdodanielgalvao.com.br\/site\/wp-json\/wp\/v2\/users\/2"}],"replies":[{"embeddable":true,"href":"https:\/\/blogdodanielgalvao.com.br\/site\/wp-json\/wp\/v2\/comments?post=20749"}],"version-history":[{"count":1,"href":"https:\/\/blogdodanielgalvao.com.br\/site\/wp-json\/wp\/v2\/posts\/20749\/revisions"}],"predecessor-version":[{"id":20752,"href":"https:\/\/blogdodanielgalvao.com.br\/site\/wp-json\/wp\/v2\/posts\/20749\/revisions\/20752"}],"wp:featuredmedia":[{"embeddable":true,"href":"https:\/\/blogdodanielgalvao.com.br\/site\/wp-json\/wp\/v2\/media\/20751"}],"wp:attachment":[{"href":"https:\/\/blogdodanielgalvao.com.br\/site\/wp-json\/wp\/v2\/media?parent=20749"}],"wp:term":[{"taxonomy":"category","embeddable":true,"href":"https:\/\/blogdodanielgalvao.com.br\/site\/wp-json\/wp\/v2\/categories?post=20749"},{"taxonomy":"post_tag","embeddable":true,"href":"https:\/\/blogdodanielgalvao.com.br\/site\/wp-json\/wp\/v2\/tags?post=20749"}],"curies":[{"name":"wp","href":"https:\/\/api.w.org\/{rel}","templated":true}]}}