{"id":20747,"date":"2025-07-10T15:03:47","date_gmt":"2025-07-10T18:03:47","guid":{"rendered":"https:\/\/blogdodanielgalvao.com.br\/site\/?p=20747"},"modified":"2025-07-10T15:03:54","modified_gmt":"2025-07-10T18:03:54","slug":"animal-marinho-e-salvo-na-ogiva-e-levado-para-tratamento-em-cabo-frio","status":"publish","type":"post","link":"https:\/\/blogdodanielgalvao.com.br\/site\/animal-marinho-e-salvo-na-ogiva-e-levado-para-tratamento-em-cabo-frio\/","title":{"rendered":"Animal marinho \u00e9 salvo na Ogiva e levado para tratamento em Cabo Frio"},"content":{"rendered":"<p>A Guarda Mar\u00edtima e Ambiental de Cabo Frio realizou, nesta quarta-feira (9), o resgate de um pinguim-de-Magalh\u00e3es encontrado debilitado na regi\u00e3o da Ogiva, pr\u00f3ximo \u00e0 antiga Marina 21. O animal apresentava cansa\u00e7o extremo e les\u00e3o aparente em um dos olhos.<\/p>\n<p>Logo ap\u00f3s a a\u00e7\u00e3o, a ave foi encaminhada para o Instituto Albatroz, onde passou por avalia\u00e7\u00e3o cl\u00ednica e iniciou tratamento com equipe especializada.<\/p>\n<p>De acordo com agentes da Guarda, \u00e9 comum que pinguins dessa esp\u00e9cie, especialmente os mais jovens, apare\u00e7am nas praias da regi\u00e3o durante o inverno. As correntes mar\u00edtimas frias e a exaust\u00e3o do deslocamento costumam levar esses animais a encalharem na costa em busca de repouso.<\/p>\n<p>A orienta\u00e7\u00e3o \u00e0 popula\u00e7\u00e3o \u00e9 clara: ao encontrar um animal marinho na areia, n\u00e3o se deve tocar, alimentar ou tentar mov\u00ea-lo. Muitos est\u00e3o fragilizados, doentes ou carregam parasitas. A recomenda\u00e7\u00e3o \u00e9 manter dist\u00e2ncia, evitar tumultos ao redor e comunicar imediatamente os \u00f3rg\u00e3os ambientais.<\/p>\n<p>A presen\u00e7a desses pinguins refor\u00e7a a import\u00e2ncia da preserva\u00e7\u00e3o marinha e da atua\u00e7\u00e3o r\u00e1pida das equipes de resgate\u00a0da\u00a0cidade.<\/p>\n","protected":false},"excerpt":{"rendered":"<p>A Guarda Mar\u00edtima e Ambiental de Cabo Frio realizou, nesta quarta-feira (9), o resgate de um pinguim-de-Magalh\u00e3es encontrado debilitado na regi\u00e3o da Ogiva, pr\u00f3ximo \u00e0 antiga Marina 21. O animal apresentava cansa\u00e7o extremo e les\u00e3o aparente em um dos olhos. Logo ap\u00f3s a a\u00e7\u00e3o, a ave foi encaminhada para o Instituto Albatroz, onde passou por [&hellip;]<\/p>\n","protected":false},"author":2,"featured_media":20748,"comment_status":"open","ping_status":"open","sticky":true,"template":"","format":"standard","meta":{"footnotes":""},"categories":[340],"tags":[1896],"class_list":["post-20747","post","type-post","status-publish","format-standard","has-post-thumbnail","hentry","category-cabo-frio","tag-destaque"],"_links":{"self":[{"href":"https:\/\/blogdodanielgalvao.com.br\/site\/wp-json\/wp\/v2\/posts\/20747","targetHints":{"allow":["GET"]}}],"collection":[{"href":"https:\/\/blogdodanielgalvao.com.br\/site\/wp-json\/wp\/v2\/posts"}],"about":[{"href":"https:\/\/blogdodanielgalvao.com.br\/site\/wp-json\/wp\/v2\/types\/post"}],"author":[{"embeddable":true,"href":"https:\/\/blogdodanielgalvao.com.br\/site\/wp-json\/wp\/v2\/users\/2"}],"replies":[{"embeddable":true,"href":"https:\/\/blogdodanielgalvao.com.br\/site\/wp-json\/wp\/v2\/comments?post=20747"}],"version-history":[{"count":1,"href":"https:\/\/blogdodanielgalvao.com.br\/site\/wp-json\/wp\/v2\/posts\/20747\/revisions"}],"predecessor-version":[{"id":20750,"href":"https:\/\/blogdodanielgalvao.com.br\/site\/wp-json\/wp\/v2\/posts\/20747\/revisions\/20750"}],"wp:featuredmedia":[{"embeddable":true,"href":"https:\/\/blogdodanielgalvao.com.br\/site\/wp-json\/wp\/v2\/media\/20748"}],"wp:attachment":[{"href":"https:\/\/blogdodanielgalvao.com.br\/site\/wp-json\/wp\/v2\/media?parent=20747"}],"wp:term":[{"taxonomy":"category","embeddable":true,"href":"https:\/\/blogdodanielgalvao.com.br\/site\/wp-json\/wp\/v2\/categories?post=20747"},{"taxonomy":"post_tag","embeddable":true,"href":"https:\/\/blogdodanielgalvao.com.br\/site\/wp-json\/wp\/v2\/tags?post=20747"}],"curies":[{"name":"wp","href":"https:\/\/api.w.org\/{rel}","templated":true}]}}