{"id":20741,"date":"2025-07-10T14:50:13","date_gmt":"2025-07-10T17:50:13","guid":{"rendered":"https:\/\/blogdodanielgalvao.com.br\/site\/?p=20741"},"modified":"2025-07-10T14:50:13","modified_gmt":"2025-07-10T17:50:13","slug":"prefeitura-de-cabo-frio-anuncia-reestruturacao-completa-no-capsi","status":"publish","type":"post","link":"https:\/\/blogdodanielgalvao.com.br\/site\/prefeitura-de-cabo-frio-anuncia-reestruturacao-completa-no-capsi\/","title":{"rendered":"Prefeitura de Cabo Frio anuncia reestrutura\u00e7\u00e3o completa no CAPSi"},"content":{"rendered":"<p>A Prefeitura de Cabo Frio deu in\u00edcio \u00e0 reestrutura\u00e7\u00e3o do Centro de Aten\u00e7\u00e3o Psicossocial Infantojuvenil (CAPSi), no bairro Portinho. A unidade, que atende crian\u00e7as e adolescentes com transtornos mentais, passar\u00e1 por uma s\u00e9rie de interven\u00e7\u00f5es estruturais a partir da pr\u00f3xima semana. As obras devem durar cerca de 30 dias, mas os atendimentos continuar\u00e3o normalmente durante esse per\u00edodo.<\/p>\n<p>No cronograma de melhorias est\u00e3o a recupera\u00e7\u00e3o da cisterna e do muro, reforma completa dos banheiros com adapta\u00e7\u00e3o para pessoas com defici\u00eancia, pintura geral e da fachada, revis\u00e3o da parte el\u00e9trica e do telhado \u2014 danificado por uma \u00e1rvore pr\u00f3xima ao pr\u00e9dio. Al\u00e9m disso, ser\u00e1 constru\u00edda uma nova \u00e1rea coberta de 36 metros quadrados no p\u00e1tio, com telhado e piso emborrachado.<\/p>\n<p>Segundo a secret\u00e1ria de Sa\u00fade, Beatriz Trindade, o espa\u00e7o n\u00e3o recebia manuten\u00e7\u00e3o h\u00e1 anos, apesar de repetidas solicita\u00e7\u00f5es feitas por funcion\u00e1rios em gest\u00f5es anteriores. \u201cFizeram apenas consertos emergenciais, sem resolver os problemas reais. Agora, vamos atuar na raiz, garantindo dignidade no atendimento\u201d, afirmou.<\/p>\n<p>O mobili\u00e1rio e os materiais pedag\u00f3gicos tamb\u00e9m ser\u00e3o renovados. O processo de compra j\u00e1 est\u00e1 em andamento. A previs\u00e3o \u00e9 que a nova estrutura esteja pronta em at\u00e9 um m\u00eas.<\/p>\n<p>Mesmo com a reforma em curso, o CAPSi seguir\u00e1 funcionando. De acordo com Matheus Maldonado, coordenador de Sa\u00fade Mental, foi montado um plano de atendimento para manter os servi\u00e7os. \u201cNosso espa\u00e7o atual est\u00e1 muito abaixo do que dever\u00edamos oferecer, mas estamos trabalhando para mudar isso e entregar um CAPSi que orgulhe a cidade\u201d, declarou.<\/p>\n<p>Atualmente, a unidade conta com uma equipe formada por tr\u00eas psic\u00f3logos, tr\u00eas m\u00e9dicos, dois t\u00e9cnicos de enfermagem, um enfermeiro e um assistente social. S\u00e3o 601 usu\u00e1rios cadastrados. O servi\u00e7o funciona de segunda a sexta-feira, das 8h \u00e0s 17h, na Travessa Vereador Carri\u00e7o, n\u00ba 93,\u00a0no\u00a0Portinho.<\/p>\n","protected":false},"excerpt":{"rendered":"<p>A Prefeitura de Cabo Frio deu in\u00edcio \u00e0 reestrutura\u00e7\u00e3o do Centro de Aten\u00e7\u00e3o Psicossocial Infantojuvenil (CAPSi), no bairro Portinho. A unidade, que atende crian\u00e7as e adolescentes com transtornos mentais, passar\u00e1 por uma s\u00e9rie de interven\u00e7\u00f5es estruturais a partir da pr\u00f3xima semana. As obras devem durar cerca de 30 dias, mas os atendimentos continuar\u00e3o normalmente durante [&hellip;]<\/p>\n","protected":false},"author":2,"featured_media":20742,"comment_status":"open","ping_status":"open","sticky":true,"template":"","format":"standard","meta":{"footnotes":""},"categories":[340],"tags":[1896],"class_list":["post-20741","post","type-post","status-publish","format-standard","has-post-thumbnail","hentry","category-cabo-frio","tag-destaque"],"_links":{"self":[{"href":"https:\/\/blogdodanielgalvao.com.br\/site\/wp-json\/wp\/v2\/posts\/20741","targetHints":{"allow":["GET"]}}],"collection":[{"href":"https:\/\/blogdodanielgalvao.com.br\/site\/wp-json\/wp\/v2\/posts"}],"about":[{"href":"https:\/\/blogdodanielgalvao.com.br\/site\/wp-json\/wp\/v2\/types\/post"}],"author":[{"embeddable":true,"href":"https:\/\/blogdodanielgalvao.com.br\/site\/wp-json\/wp\/v2\/users\/2"}],"replies":[{"embeddable":true,"href":"https:\/\/blogdodanielgalvao.com.br\/site\/wp-json\/wp\/v2\/comments?post=20741"}],"version-history":[{"count":1,"href":"https:\/\/blogdodanielgalvao.com.br\/site\/wp-json\/wp\/v2\/posts\/20741\/revisions"}],"predecessor-version":[{"id":20743,"href":"https:\/\/blogdodanielgalvao.com.br\/site\/wp-json\/wp\/v2\/posts\/20741\/revisions\/20743"}],"wp:featuredmedia":[{"embeddable":true,"href":"https:\/\/blogdodanielgalvao.com.br\/site\/wp-json\/wp\/v2\/media\/20742"}],"wp:attachment":[{"href":"https:\/\/blogdodanielgalvao.com.br\/site\/wp-json\/wp\/v2\/media?parent=20741"}],"wp:term":[{"taxonomy":"category","embeddable":true,"href":"https:\/\/blogdodanielgalvao.com.br\/site\/wp-json\/wp\/v2\/categories?post=20741"},{"taxonomy":"post_tag","embeddable":true,"href":"https:\/\/blogdodanielgalvao.com.br\/site\/wp-json\/wp\/v2\/tags?post=20741"}],"curies":[{"name":"wp","href":"https:\/\/api.w.org\/{rel}","templated":true}]}}