{"id":20733,"date":"2025-07-10T12:01:25","date_gmt":"2025-07-10T15:01:25","guid":{"rendered":"https:\/\/blogdodanielgalvao.com.br\/site\/?p=20733"},"modified":"2025-07-10T12:01:25","modified_gmt":"2025-07-10T15:01:25","slug":"acao-do-32o-bpm-apreende-6-adolescentes-por-trafico-em-rio-das-ostras","status":"publish","type":"post","link":"https:\/\/blogdodanielgalvao.com.br\/site\/acao-do-32o-bpm-apreende-6-adolescentes-por-trafico-em-rio-das-ostras\/","title":{"rendered":"A\u00e7\u00e3o do 32\u00ba BPM apreende 6 adolescentes por tr\u00e1fico em Rio das Ostras"},"content":{"rendered":"<p>Policiais do 32\u00ba Batalh\u00e3o de Pol\u00edcia Militar (32\u00ba BPM) apreenderam 6 adolescentes que atuavam na venda de drogas para o tr\u00e1fico local durante uma a\u00e7\u00e3o no bairro Cidade Beira Mar, em Rio das Ostras.<\/p>\n<p>A a\u00e7\u00e3o aconteceu nessa quarta-feira, 9, ap\u00f3s uma equipe do 32\u00ba BPM receber informa\u00e7\u00f5es sobre um homem vendendo drogas em uma bicicleta enquanto fazia uma ronda na Rua Santa Catarina, na Cidade Beira Mar.<\/p>\n<p>Ao investigar a situa\u00e7\u00e3o os policiais conseguiram identificar o suspeito, um adolescente que n\u00e3o teve a idade nem a identidade divulgada, e que, ao ser capturado, teria confessado trabalhar para o tr\u00e1fico, revelando os as drogas estavam escondidas.<\/p>\n<p>Chegando ao local indicado, os policiais encontraram outros adolescentes que atuavam na venda de drogas na localidade, que tamb\u00e9m n\u00e3o tiveram as identidades divulgadas pela Pol\u00edcia Militar, nem a quantidade de drogas apreendidas.<\/p>\n<p>Os adolescentes apreendidos foram levados para a 128\u00aa Delegacia de Pol\u00edcia Civil (128\u00aa DP), de Rio das Ostras, juntamente com todo o material entorpecente. Eles ficaram mantidos sob cust\u00f3dia, acusados do crime de tr\u00e1fico de drogas, conforme previsto na Lei de Drogas (Lei 11343\/06), cuja pena varia de 5 a 15 anos de pris\u00e3o.<\/p>\n","protected":false},"excerpt":{"rendered":"<p>Policiais do 32\u00ba Batalh\u00e3o de Pol\u00edcia Militar (32\u00ba BPM) apreenderam 6 adolescentes que atuavam na venda de drogas para o tr\u00e1fico local durante uma a\u00e7\u00e3o no bairro Cidade Beira Mar, em Rio das Ostras. A a\u00e7\u00e3o aconteceu nessa quarta-feira, 9, ap\u00f3s uma equipe do 32\u00ba BPM receber informa\u00e7\u00f5es sobre um homem vendendo drogas em uma [&hellip;]<\/p>\n","protected":false},"author":2,"featured_media":20734,"comment_status":"open","ping_status":"open","sticky":true,"template":"","format":"standard","meta":{"footnotes":""},"categories":[1899],"tags":[494],"class_list":["post-20733","post","type-post","status-publish","format-standard","has-post-thumbnail","hentry","category-policia","tag-policia"],"_links":{"self":[{"href":"https:\/\/blogdodanielgalvao.com.br\/site\/wp-json\/wp\/v2\/posts\/20733","targetHints":{"allow":["GET"]}}],"collection":[{"href":"https:\/\/blogdodanielgalvao.com.br\/site\/wp-json\/wp\/v2\/posts"}],"about":[{"href":"https:\/\/blogdodanielgalvao.com.br\/site\/wp-json\/wp\/v2\/types\/post"}],"author":[{"embeddable":true,"href":"https:\/\/blogdodanielgalvao.com.br\/site\/wp-json\/wp\/v2\/users\/2"}],"replies":[{"embeddable":true,"href":"https:\/\/blogdodanielgalvao.com.br\/site\/wp-json\/wp\/v2\/comments?post=20733"}],"version-history":[{"count":1,"href":"https:\/\/blogdodanielgalvao.com.br\/site\/wp-json\/wp\/v2\/posts\/20733\/revisions"}],"predecessor-version":[{"id":20735,"href":"https:\/\/blogdodanielgalvao.com.br\/site\/wp-json\/wp\/v2\/posts\/20733\/revisions\/20735"}],"wp:featuredmedia":[{"embeddable":true,"href":"https:\/\/blogdodanielgalvao.com.br\/site\/wp-json\/wp\/v2\/media\/20734"}],"wp:attachment":[{"href":"https:\/\/blogdodanielgalvao.com.br\/site\/wp-json\/wp\/v2\/media?parent=20733"}],"wp:term":[{"taxonomy":"category","embeddable":true,"href":"https:\/\/blogdodanielgalvao.com.br\/site\/wp-json\/wp\/v2\/categories?post=20733"},{"taxonomy":"post_tag","embeddable":true,"href":"https:\/\/blogdodanielgalvao.com.br\/site\/wp-json\/wp\/v2\/tags?post=20733"}],"curies":[{"name":"wp","href":"https:\/\/api.w.org\/{rel}","templated":true}]}}