{"id":20715,"date":"2025-07-09T17:16:06","date_gmt":"2025-07-09T20:16:06","guid":{"rendered":"https:\/\/blogdodanielgalvao.com.br\/site\/?p=20715"},"modified":"2025-07-09T17:16:06","modified_gmt":"2025-07-09T20:16:06","slug":"prefeito-de-rio-das-ostras-enaltece-importancia-da-conferencia-infantojuvenil-pelo-meio-ambiente","status":"publish","type":"post","link":"https:\/\/blogdodanielgalvao.com.br\/site\/prefeito-de-rio-das-ostras-enaltece-importancia-da-conferencia-infantojuvenil-pelo-meio-ambiente\/","title":{"rendered":"Prefeito de Rio das Ostras enaltece import\u00e2ncia da Confer\u00eancia Infantojuvenil pelo Meio Ambiente"},"content":{"rendered":"<p>O prefeito de Rio das Ostras, Carlos Augusto (PL), marcou presen\u00e7a nessa ter\u00e7a-feira, 8, na IV Confer\u00eancia Municipal Infantojuvenil pelo Meio Ambiente, que reuniu estudantes e professores da rede p\u00fablica municipal.<\/p>\n<p>O encontro, que aconteceu na sede do N\u00facleo de Gest\u00e3o Pedag\u00f3gica (Nugepe), na Extens\u00e3o do Bosque, debateu temas como a justi\u00e7a clim\u00e1tica e a conscientiza\u00e7\u00e3o ambiental, ouvindo reivindica\u00e7\u00f5es dos estudantes do munic\u00edpio.<\/p>\n<p>\u201cVer essa gera\u00e7\u00e3o reunida, debatendo temas t\u00e3o importantes, me deu ainda mais certeza de que estamos no caminho certo. Porque quando damos espa\u00e7o para que os jovens participem, ou\u00e7am e sejam ouvidos, plantamos as sementes de um futuro mais justo, mais humano, mais conectado com a vida. Sa\u00ed dali renovado. Com a alma cheia de esperan\u00e7a e o cora\u00e7\u00e3o grato por viver esse momento ao lado de quem vai transformar o amanh\u00e3 com atitude, respeito e amor pela nossa cidade e pelo planeta\u201d, escreveu Carlos Augusto nas suas redes sociais.<\/p>\n<p>Durante o evento, que contou com a participa\u00e7\u00e3o de alunos de 9 escolas da rede p\u00fablica municipal, foram apresentados projetos voltados para a cidadania ambiental, criados a partir da mobiliza\u00e7\u00e3o dos estudantes, escolas e moradores, propondo solu\u00e7\u00f5es para os desafios ambientais vivenciados em cada comunidade.<\/p>\n<p>Entre os temas abordados nos projetos estiveram horta sustent\u00e1vel, racismo ambiental, solu\u00e7\u00f5es tecnol\u00f3gicas para emiss\u00e3o de carbono, tratamento de val\u00f5es, desmatamento e unidades de conserva\u00e7\u00e3o ambiental.<\/p>\n<p>Atento \u00e0s propostas dos alunos, o prefeito falou sobre a import\u00e2ncia do engajamento dos jovens na busca cidad\u00e3 por melhorias ambientais, refor\u00e7ando a import\u00e2ncia de ouvir os estudantes e as comunidades que vivem seus problemas no dia a dia.<\/p>\n<p>\u201cEste \u00e9 um momento de ouvir os alunos da rede [p\u00fablica] municipal, que s\u00e3o o presente e o futuro da nossa cidade, sobre como poder p\u00fablico pode participar ainda mais, junto com a sociedade, para tornar o mundo mais preservado, mais justo e equ\u00e2nime\u201d, avaliou Carlos Augusto.<\/p>\n<p>Em sua participa\u00e7\u00e3o na confer\u00eancia, o prefeito tamb\u00e9m realizou uma din\u00e2mica com os estudantes, que puderam fazer perguntas, expor ideias e reivindicar a\u00e7\u00f5es ao chefe do Executivo, com a elabora\u00e7\u00e3o de cartas entregues diretamente ao prefeito, com as perspectivas de escolas e de cidades mais sustent\u00e1veis.<\/p>\n<p>Al\u00e9m do prefeito, representaram o Executivo na confer\u00eancia a secret\u00e1ria de Educa\u00e7\u00e3o, Esporte e Lazer, Marcele Raquel, o secret\u00e1rio de Meio Ambiente, Agricultura e Pesca, Ricardo Torres, e a primeira-dama e secret\u00e1ria de Gest\u00e3o P\u00fablica, M\u00e1rcia Almeida, al\u00e9m de representantes da Secretaria de Seguran\u00e7a P\u00fablica, que levou 2 ve\u00edculos el\u00e9tricos da frota da Guarda Municipal para apresentar aos estudantes.<\/p>\n<p>Ao fim do evento, os participantes tamb\u00e9m elegeram os 2 alunos que ser\u00e3o os delegados, titular e suplente, e o projeto que ir\u00e1 representar Rio das Ostras na Confer\u00eancia Estadual Infantojuvenil pelo Meio Ambiente.<\/p>\n<p>Na elei\u00e7\u00e3o dos delegados, foram eleitos o titular, Jean Henriques, de 13 anos, da Escola Municipal Francisco de Assis, do Parque Zabul\u00e3o, e a suplente, J\u00falia de Souza, de 14 anos, do Col\u00e9gio Municipal Professora Am\u00e9rica Abdalla, do Nova Esperan\u00e7a.<\/p>\n<p>J\u00e1 o trabalho eleito foi o Projeto TransformA\u00e7\u00e3o, feito por alunos do 6\u00b0 ano da Escola Municipal Rocha Le\u00e3o, que identificou que um val\u00e3o da localidade \u00e9, na verdade, o Rio Purgat\u00f3rio, um afluente da Bacia Hidrogr\u00e1fica do Rio Maca\u00e9.<\/p>\n<p>\u201cO projeto apresenta solu\u00e7\u00f5es poss\u00edveis para reverter a atual situa\u00e7\u00e3o daquele corpo h\u00eddrico a sua forma original, de rio limpo e cristalino, como reflorestamento agroecol\u00f3gico de suas margens, despolui\u00e7\u00e3o e a\u00e7\u00f5es de Educa\u00e7\u00e3o Ambiental\u201d, explicou a prefeitura.<\/p>\n","protected":false},"excerpt":{"rendered":"<p>O prefeito de Rio das Ostras, Carlos Augusto (PL), marcou presen\u00e7a nessa ter\u00e7a-feira, 8, na IV Confer\u00eancia Municipal Infantojuvenil pelo Meio Ambiente, que reuniu estudantes e professores da rede p\u00fablica municipal. O encontro, que aconteceu na sede do N\u00facleo de Gest\u00e3o Pedag\u00f3gica (Nugepe), na Extens\u00e3o do Bosque, debateu temas como a justi\u00e7a clim\u00e1tica e a [&hellip;]<\/p>\n","protected":false},"author":2,"featured_media":20716,"comment_status":"open","ping_status":"open","sticky":true,"template":"","format":"standard","meta":{"footnotes":""},"categories":[4],"tags":[],"class_list":["post-20715","post","type-post","status-publish","format-standard","has-post-thumbnail","hentry","category-rio-das-ostras"],"_links":{"self":[{"href":"https:\/\/blogdodanielgalvao.com.br\/site\/wp-json\/wp\/v2\/posts\/20715","targetHints":{"allow":["GET"]}}],"collection":[{"href":"https:\/\/blogdodanielgalvao.com.br\/site\/wp-json\/wp\/v2\/posts"}],"about":[{"href":"https:\/\/blogdodanielgalvao.com.br\/site\/wp-json\/wp\/v2\/types\/post"}],"author":[{"embeddable":true,"href":"https:\/\/blogdodanielgalvao.com.br\/site\/wp-json\/wp\/v2\/users\/2"}],"replies":[{"embeddable":true,"href":"https:\/\/blogdodanielgalvao.com.br\/site\/wp-json\/wp\/v2\/comments?post=20715"}],"version-history":[{"count":1,"href":"https:\/\/blogdodanielgalvao.com.br\/site\/wp-json\/wp\/v2\/posts\/20715\/revisions"}],"predecessor-version":[{"id":20717,"href":"https:\/\/blogdodanielgalvao.com.br\/site\/wp-json\/wp\/v2\/posts\/20715\/revisions\/20717"}],"wp:featuredmedia":[{"embeddable":true,"href":"https:\/\/blogdodanielgalvao.com.br\/site\/wp-json\/wp\/v2\/media\/20716"}],"wp:attachment":[{"href":"https:\/\/blogdodanielgalvao.com.br\/site\/wp-json\/wp\/v2\/media?parent=20715"}],"wp:term":[{"taxonomy":"category","embeddable":true,"href":"https:\/\/blogdodanielgalvao.com.br\/site\/wp-json\/wp\/v2\/categories?post=20715"},{"taxonomy":"post_tag","embeddable":true,"href":"https:\/\/blogdodanielgalvao.com.br\/site\/wp-json\/wp\/v2\/tags?post=20715"}],"curies":[{"name":"wp","href":"https:\/\/api.w.org\/{rel}","templated":true}]}}