{"id":20654,"date":"2025-07-08T17:15:18","date_gmt":"2025-07-08T20:15:18","guid":{"rendered":"https:\/\/blogdodanielgalvao.com.br\/site\/?p=20654"},"modified":"2025-07-08T17:15:18","modified_gmt":"2025-07-08T20:15:18","slug":"iniciativa-socioambiental-busca-jovens-de-cabo-frio-para-curso-com-certificado-e-saidas-de-campo","status":"publish","type":"post","link":"https:\/\/blogdodanielgalvao.com.br\/site\/iniciativa-socioambiental-busca-jovens-de-cabo-frio-para-curso-com-certificado-e-saidas-de-campo\/","title":{"rendered":"Iniciativa socioambiental busca jovens de Cabo Frio para curso com certificado e sa\u00eddas de campo"},"content":{"rendered":"<p>Seu momento de mudar o futuro, chegou! Agora, jovens moradores de Cabo Frio, que tenham entre 15 e 17 anos, t\u00eam at\u00e9 o dia 3 de agosto para se inscrever no Coletivo Jovem Albatroz (CJA), projeto realizado pelo Instituto Albatroz com patroc\u00ednio da Petrobras.<\/p>\n<p>Os jovens selecionados receber\u00e3o uma bolsa mensal de R$ 500 durante todo o per\u00edodo da forma\u00e7\u00e3o gratuita. Ao todo, ser\u00e3o preenchidas 12 vagas.<\/p>\n<p>A inscri\u00e7\u00e3o no Coletivo Jovem Albatroz s\u00f3 ser\u00e1 validada ap\u00f3s o comparecimento do candidato junto ao respons\u00e1vel legal, com apresenta\u00e7\u00e3o dos documentos obrigat\u00f3rios: RG, CPF, comprovante de resid\u00eancia, matr\u00edcula escolar e chave pix. A aus\u00eancia injustificada nessa etapa implica a perda da vaga. Os participantes que completarem o programa receber\u00e3o certificado reconhecido pelo Instituto Albatroz, com financiamento integral da Petrobras.<\/p>\n<p>O processo de sele\u00e7\u00e3o ser\u00e1 realizado por meio da an\u00e1lise de formul\u00e1rio on-line, que inclui dados pessoais e o envio de um v\u00eddeo de apresenta\u00e7\u00e3o. Caso necess\u00e1rio, os organizadores poder\u00e3o convocar os candidatos para entrevistas presenciais com din\u00e2micas de grupo. Os crit\u00e9rios avaliados incluem interesse pelos temas, criatividade, comunica\u00e7\u00e3o, perfil coletivo e equil\u00edbrio entre idade e g\u00eanero. Quatro vagas ser\u00e3o reservadas para cadastro reserva, com validade de quatro meses \u2014 esses jovens poder\u00e3o participar das atividades como volunt\u00e1rios, mas sem receber bolsa.<\/p>\n<p>Para se candidatar, \u00e9 preciso residir em Cabo Frio, estar cursando pelo menos o oitavo ano do ensino fundamental e estar regularmente matriculado em alguma institui\u00e7\u00e3o de ensino. A prioridade \u00e9 para adolescentes dos bairros Boca do Mato, Jardim Esperan\u00e7a, Porto do Carro, Estradinha, Jacar\u00e9 e Vila do Ar. A frequ\u00eancia m\u00ednima exigida nas atividades \u00e9 de 75% e o descumprimento dessa exig\u00eancia pode resultar em desconto na bolsa ou exclus\u00e3o do curso.<\/p>\n<p>O projeto busca formar jovens lideran\u00e7as com foco na conserva\u00e7\u00e3o marinha, por meio de uma metodologia cr\u00edtica, participativa e voltada ao fortalecimento do v\u00ednculo com o territ\u00f3rio. Durante o per\u00edodo de forma\u00e7\u00e3o, os adolescentes ser\u00e3o estimulados a desenvolver protagonismo e a\u00e7\u00f5es pr\u00e1ticas com impacto socioambiental real em suas comunidades.<\/p>\n<p>Com in\u00edcio previsto para agosto, o curso ter\u00e1 dura\u00e7\u00e3o de um ano e ser\u00e1 estruturado em quatro m\u00f3dulos de tr\u00eas meses, com foco em temas como identidade territorial, biodiversidade, justi\u00e7a socioambiental e interven\u00e7\u00e3o art\u00edstica. Os encontros presenciais acontecer\u00e3o \u00e0s ter\u00e7as e quintas-feiras, das 14h \u00e0s 17h, na sede do projeto, no bairro Porto do Carro. Al\u00e9m das aulas, haver\u00e1 sa\u00eddas de campo guiadas por educadores\u00a0ambientais.<\/p>\n","protected":false},"excerpt":{"rendered":"<p>Seu momento de mudar o futuro, chegou! Agora, jovens moradores de Cabo Frio, que tenham entre 15 e 17 anos, t\u00eam at\u00e9 o dia 3 de agosto para se inscrever no Coletivo Jovem Albatroz (CJA), projeto realizado pelo Instituto Albatroz com patroc\u00ednio da Petrobras. Os jovens selecionados receber\u00e3o uma bolsa mensal de R$ 500 durante [&hellip;]<\/p>\n","protected":false},"author":2,"featured_media":20655,"comment_status":"open","ping_status":"open","sticky":true,"template":"","format":"standard","meta":{"footnotes":""},"categories":[340],"tags":[1896],"class_list":["post-20654","post","type-post","status-publish","format-standard","has-post-thumbnail","hentry","category-cabo-frio","tag-destaque"],"_links":{"self":[{"href":"https:\/\/blogdodanielgalvao.com.br\/site\/wp-json\/wp\/v2\/posts\/20654","targetHints":{"allow":["GET"]}}],"collection":[{"href":"https:\/\/blogdodanielgalvao.com.br\/site\/wp-json\/wp\/v2\/posts"}],"about":[{"href":"https:\/\/blogdodanielgalvao.com.br\/site\/wp-json\/wp\/v2\/types\/post"}],"author":[{"embeddable":true,"href":"https:\/\/blogdodanielgalvao.com.br\/site\/wp-json\/wp\/v2\/users\/2"}],"replies":[{"embeddable":true,"href":"https:\/\/blogdodanielgalvao.com.br\/site\/wp-json\/wp\/v2\/comments?post=20654"}],"version-history":[{"count":1,"href":"https:\/\/blogdodanielgalvao.com.br\/site\/wp-json\/wp\/v2\/posts\/20654\/revisions"}],"predecessor-version":[{"id":20656,"href":"https:\/\/blogdodanielgalvao.com.br\/site\/wp-json\/wp\/v2\/posts\/20654\/revisions\/20656"}],"wp:featuredmedia":[{"embeddable":true,"href":"https:\/\/blogdodanielgalvao.com.br\/site\/wp-json\/wp\/v2\/media\/20655"}],"wp:attachment":[{"href":"https:\/\/blogdodanielgalvao.com.br\/site\/wp-json\/wp\/v2\/media?parent=20654"}],"wp:term":[{"taxonomy":"category","embeddable":true,"href":"https:\/\/blogdodanielgalvao.com.br\/site\/wp-json\/wp\/v2\/categories?post=20654"},{"taxonomy":"post_tag","embeddable":true,"href":"https:\/\/blogdodanielgalvao.com.br\/site\/wp-json\/wp\/v2\/tags?post=20654"}],"curies":[{"name":"wp","href":"https:\/\/api.w.org\/{rel}","templated":true}]}}