{"id":20651,"date":"2025-07-08T17:09:15","date_gmt":"2025-07-08T20:09:15","guid":{"rendered":"https:\/\/blogdodanielgalvao.com.br\/site\/?p=20651"},"modified":"2025-07-08T17:09:15","modified_gmt":"2025-07-08T20:09:15","slug":"fiscalizacao-tenta-frear-avanco-de-grilagem-e-destruicao-em-cabo-frio-apos-ter-area-verde-ameacada-ambientalmente","status":"publish","type":"post","link":"https:\/\/blogdodanielgalvao.com.br\/site\/fiscalizacao-tenta-frear-avanco-de-grilagem-e-destruicao-em-cabo-frio-apos-ter-area-verde-ameacada-ambientalmente\/","title":{"rendered":"Fiscaliza\u00e7\u00e3o tenta frear avan\u00e7o de grilagem e destrui\u00e7\u00e3o em Cabo Frio ap\u00f3s ter \u00e1rea verde amea\u00e7ada ambientalmente"},"content":{"rendered":"<p>A Prefeitura de Cabo Frio refor\u00e7ou as a\u00e7\u00f5es de combate a crimes ambientais na regi\u00e3o do P\u00e2ntano da Malhada, em Maria Joaquina. O foco principal \u00e9 conter atividades ilegais como a derrubada de vegeta\u00e7\u00e3o nativa, o aterramento de \u00e1reas \u00famidas e a abertura de acessos clandestinos.<\/p>\n<p>Uma nova vistoria foi realizada na manh\u00e3 desta ter\u00e7a-feira (8), com o objetivo de coletar mais provas das interven\u00e7\u00f5es irregulares que seguem ocorrendo no local. Apesar das frequentes rondas, as equipes ainda n\u00e3o conseguiram identificar os autores das a\u00e7\u00f5es, que, segundo suspeitas, ocorrem principalmente \u00e0 noite e durante os fins de semana.<\/p>\n<p>Al\u00e9m do monitoramento ambiental, a fiscaliza\u00e7\u00e3o est\u00e1 atenta ao avan\u00e7o de loteamentos clandestinos na divisa com Arma\u00e7\u00e3o dos B\u00fazios. A suspeita \u00e9 de que as invas\u00f5es estejam ligadas a pr\u00e1ticas criminosas j\u00e1 investigadas na cidade vizinha, como grilagem, desmatamento e comercializa\u00e7\u00e3o ilegal de terrenos \u2014 inclusive com poss\u00edveis v\u00ednculos com milicianos.<\/p>\n<p>As a\u00e7\u00f5es contam com a atua\u00e7\u00e3o conjunta da Secretaria de Meio Ambiente, Saneamento e Clima, da Guarda Mar\u00edtima e Ambiental e da 8\u00aa Unidade de Policiamento Ambiental (UPAM). Os dados obtidos nas vistorias ser\u00e3o inclu\u00eddos nos relat\u00f3rios encaminhados aos \u00f3rg\u00e3os estaduais e federais de fiscaliza\u00e7\u00e3o.<\/p>\n<p>A administra\u00e7\u00e3o municipal alerta que qualquer interven\u00e7\u00e3o em \u00e1reas protegidas, sem autoriza\u00e7\u00e3o legal, configura crime ambiental e est\u00e1 sujeita a penalidades. Den\u00fancias podem ser encaminhadas \u00e0 Secretaria de Meio Ambiente ou diretamente aos canais oficiais de\u00a0fiscaliza\u00e7\u00e3o.<\/p>\n","protected":false},"excerpt":{"rendered":"<p>A Prefeitura de Cabo Frio refor\u00e7ou as a\u00e7\u00f5es de combate a crimes ambientais na regi\u00e3o do P\u00e2ntano da Malhada, em Maria Joaquina. O foco principal \u00e9 conter atividades ilegais como a derrubada de vegeta\u00e7\u00e3o nativa, o aterramento de \u00e1reas \u00famidas e a abertura de acessos clandestinos. Uma nova vistoria foi realizada na manh\u00e3 desta ter\u00e7a-feira [&hellip;]<\/p>\n","protected":false},"author":2,"featured_media":20652,"comment_status":"open","ping_status":"open","sticky":true,"template":"","format":"standard","meta":{"footnotes":""},"categories":[340],"tags":[2886],"class_list":["post-20651","post","type-post","status-publish","format-standard","has-post-thumbnail","hentry","category-cabo-frio","tag-destatque"],"_links":{"self":[{"href":"https:\/\/blogdodanielgalvao.com.br\/site\/wp-json\/wp\/v2\/posts\/20651","targetHints":{"allow":["GET"]}}],"collection":[{"href":"https:\/\/blogdodanielgalvao.com.br\/site\/wp-json\/wp\/v2\/posts"}],"about":[{"href":"https:\/\/blogdodanielgalvao.com.br\/site\/wp-json\/wp\/v2\/types\/post"}],"author":[{"embeddable":true,"href":"https:\/\/blogdodanielgalvao.com.br\/site\/wp-json\/wp\/v2\/users\/2"}],"replies":[{"embeddable":true,"href":"https:\/\/blogdodanielgalvao.com.br\/site\/wp-json\/wp\/v2\/comments?post=20651"}],"version-history":[{"count":1,"href":"https:\/\/blogdodanielgalvao.com.br\/site\/wp-json\/wp\/v2\/posts\/20651\/revisions"}],"predecessor-version":[{"id":20653,"href":"https:\/\/blogdodanielgalvao.com.br\/site\/wp-json\/wp\/v2\/posts\/20651\/revisions\/20653"}],"wp:featuredmedia":[{"embeddable":true,"href":"https:\/\/blogdodanielgalvao.com.br\/site\/wp-json\/wp\/v2\/media\/20652"}],"wp:attachment":[{"href":"https:\/\/blogdodanielgalvao.com.br\/site\/wp-json\/wp\/v2\/media?parent=20651"}],"wp:term":[{"taxonomy":"category","embeddable":true,"href":"https:\/\/blogdodanielgalvao.com.br\/site\/wp-json\/wp\/v2\/categories?post=20651"},{"taxonomy":"post_tag","embeddable":true,"href":"https:\/\/blogdodanielgalvao.com.br\/site\/wp-json\/wp\/v2\/tags?post=20651"}],"curies":[{"name":"wp","href":"https:\/\/api.w.org\/{rel}","templated":true}]}}