{"id":20642,"date":"2025-07-08T16:49:24","date_gmt":"2025-07-08T19:49:24","guid":{"rendered":"https:\/\/blogdodanielgalvao.com.br\/site\/?p=20642"},"modified":"2025-07-08T17:02:46","modified_gmt":"2025-07-08T20:02:46","slug":"baleias-em-reproducao-oferecem-espetaculo-natural-em-arraial-do-cabo","status":"publish","type":"post","link":"https:\/\/blogdodanielgalvao.com.br\/site\/baleias-em-reproducao-oferecem-espetaculo-natural-em-arraial-do-cabo\/","title":{"rendered":"Baleias em reprodu\u00e7\u00e3o oferecem espet\u00e1culo natural em Arraial do Cabo"},"content":{"rendered":"<p>Um grupo de oito baleias-jubarte foi registrado na costa de Arraial do Cabo nesta segunda-feira (7). As imagens chamaram a aten\u00e7\u00e3o por retratar um comportamento raro e intenso: o chamado grupo competitivo.<\/p>\n<p>Diferente de avistagens comuns, esse tipo de agrupamento \u00e9 marcado por intera\u00e7\u00f5es vigorosas entre machos que disputam a aten\u00e7\u00e3o de uma f\u00eamea. Ela pode estar no ciclo reprodutivo ou acompanhada de um filhote, o que torna a movimenta\u00e7\u00e3o dos machos ainda mais intensa.<\/p>\n<p>Segundo especialistas, os grupos competitivos podem contar com tr\u00eas a mais de dez baleias e revelam uma s\u00e9rie de comportamentos estrat\u00e9gicos e agressivos em meio \u00e0 disputa por acasalamento.<\/p>\n<p>O fen\u00f4meno refor\u00e7a a import\u00e2ncia da conserva\u00e7\u00e3o marinha em regi\u00f5es como Arraial do Cabo, onde o ecossistema atrai esp\u00e9cies de grande porte em plena migra\u00e7\u00e3o ou fase reprodutiva.<\/p>\n<p>A popula\u00e7\u00e3o pode colaborar com a prote\u00e7\u00e3o desses animais. Den\u00fancias de infra\u00e7\u00f5es ambientais ou atividades ilegais devem ser feitas diretamente ao ICMBio, pelo n\u00famero (21) 97894-8465.<\/p>\n<p>Cr\u00e9dito da imagem: Denis Barreto @arraialdocabo360graus<\/p>\n","protected":false},"excerpt":{"rendered":"<p>Um grupo de oito baleias-jubarte foi registrado na costa de Arraial do Cabo nesta segunda-feira (7). As imagens chamaram a aten\u00e7\u00e3o por retratar um comportamento raro e intenso: o chamado grupo competitivo. Diferente de avistagens comuns, esse tipo de agrupamento \u00e9 marcado por intera\u00e7\u00f5es vigorosas entre machos que disputam a aten\u00e7\u00e3o de uma f\u00eamea. Ela [&hellip;]<\/p>\n","protected":false},"author":2,"featured_media":20644,"comment_status":"open","ping_status":"open","sticky":true,"template":"","format":"standard","meta":{"footnotes":""},"categories":[838],"tags":[1896],"class_list":["post-20642","post","type-post","status-publish","format-standard","has-post-thumbnail","hentry","category-arraial-do-cabo","tag-destaque"],"_links":{"self":[{"href":"https:\/\/blogdodanielgalvao.com.br\/site\/wp-json\/wp\/v2\/posts\/20642","targetHints":{"allow":["GET"]}}],"collection":[{"href":"https:\/\/blogdodanielgalvao.com.br\/site\/wp-json\/wp\/v2\/posts"}],"about":[{"href":"https:\/\/blogdodanielgalvao.com.br\/site\/wp-json\/wp\/v2\/types\/post"}],"author":[{"embeddable":true,"href":"https:\/\/blogdodanielgalvao.com.br\/site\/wp-json\/wp\/v2\/users\/2"}],"replies":[{"embeddable":true,"href":"https:\/\/blogdodanielgalvao.com.br\/site\/wp-json\/wp\/v2\/comments?post=20642"}],"version-history":[{"count":2,"href":"https:\/\/blogdodanielgalvao.com.br\/site\/wp-json\/wp\/v2\/posts\/20642\/revisions"}],"predecessor-version":[{"id":20650,"href":"https:\/\/blogdodanielgalvao.com.br\/site\/wp-json\/wp\/v2\/posts\/20642\/revisions\/20650"}],"wp:featuredmedia":[{"embeddable":true,"href":"https:\/\/blogdodanielgalvao.com.br\/site\/wp-json\/wp\/v2\/media\/20644"}],"wp:attachment":[{"href":"https:\/\/blogdodanielgalvao.com.br\/site\/wp-json\/wp\/v2\/media?parent=20642"}],"wp:term":[{"taxonomy":"category","embeddable":true,"href":"https:\/\/blogdodanielgalvao.com.br\/site\/wp-json\/wp\/v2\/categories?post=20642"},{"taxonomy":"post_tag","embeddable":true,"href":"https:\/\/blogdodanielgalvao.com.br\/site\/wp-json\/wp\/v2\/tags?post=20642"}],"curies":[{"name":"wp","href":"https:\/\/api.w.org\/{rel}","templated":true}]}}