{"id":20626,"date":"2025-07-08T14:39:13","date_gmt":"2025-07-08T17:39:13","guid":{"rendered":"https:\/\/blogdodanielgalvao.com.br\/site\/?p=20626"},"modified":"2025-07-08T14:39:13","modified_gmt":"2025-07-08T17:39:13","slug":"orquestra-sons-da-aldeia-faz-show-gratuito-em-homenagem-ao-rock-em-sao-pedro-da-aldeia","status":"publish","type":"post","link":"https:\/\/blogdodanielgalvao.com.br\/site\/orquestra-sons-da-aldeia-faz-show-gratuito-em-homenagem-ao-rock-em-sao-pedro-da-aldeia\/","title":{"rendered":"Orquestra Sons da Aldeia faz show gratuito em homenagem ao rock em S\u00e3o Pedro da Aldeia"},"content":{"rendered":"<p>Criada em setembro de 2022, a Orquestra Sons da Aldeia vem se firmando como um projeto essencial para a forma\u00e7\u00e3o musical e o fortalecimento da cultura em S\u00e3o Pedro da Aldeia. Composta por cerca de 50 integrantes, entre estudantes e professores da cidade, a orquestra realiza apresenta\u00e7\u00f5es em diferentes bairros e promove a m\u00fasica instrumental como linguagem de cidadania e pertencimento.<\/p>\n<p>O maestro e coordenador Jorge Rafael Goes destacou a emo\u00e7\u00e3o de levar m\u00fasica de qualidade \u00e0 popula\u00e7\u00e3o em espa\u00e7os p\u00fablicos: &#8220;Este concerto \u00e9 uma celebra\u00e7\u00e3o da juventude, da cultura e da for\u00e7a do rock traduzida em arranjos instrumentais preparados com muito carinho. Convidamos a todos para viver essa experi\u00eancia&#8221;.<\/p>\n<p>Na semana que antecedeu o espet\u00e1culo, a Casa da Cultura Gabriel Joaquim dos Santos abriu suas portas para um ensaio especial, com presen\u00e7a do p\u00fablico. Entre os visitantes, a dona de casa C\u00e9lia Maria, do bairro Porto da Aldeia, se emocionou: &#8220;\u00c9 um projeto muito lindo. S\u00e3o jovens tocando e cantando e, desta vez, com can\u00e7\u00f5es de rock. Fiquei surpresa. Quero assistir no domingo com a minha fam\u00edlia&#8221;.<\/p>\n<p>A apresenta\u00e7\u00e3o, intitulada \u201cRock in Rua 2025\u201d, ter\u00e1 aproximadamente 1h30 de dura\u00e7\u00e3o e traz arranjos assinados por Jorge Rafael Goes. No repert\u00f3rio, cl\u00e1ssicos de bandas como Europe, Journey, Aerosmith, Guns N\u2019 Roses, Scorpions, Evanescence e a ic\u00f4nica Rita Lee. Participa\u00e7\u00f5es especiais de cantores convidados e alunos solistas completam a experi\u00eancia sonora.<\/p>\n<p>Marcando os 50 anos do Dia Mundial do Rock, o concerto ser\u00e1 o terceiro oficial da orquestra e o primeiro da temporada 2025. O evento ser\u00e1 realizado neste domingo (13), a partir das 14h, na Pra\u00e7a Agenor Santos, no Centro de S\u00e3o Pedro da Aldeia. A entrada \u00e9 gratuita, sujeita \u00e0s condi\u00e7\u00f5es clim\u00e1ticas.<\/p>\n<p>Para o secret\u00e1rio de Cultura, Thiago Marques, a a\u00e7\u00e3o refor\u00e7a o papel transformador da arte. \u201cA Orquestra Sons da Aldeia \u00e9 um exemplo de como investir na forma\u00e7\u00e3o art\u00edstica dos nossos jovens pode gerar frutos transformadores. Este concerto \u00e9 um convite para que a popula\u00e7\u00e3o reconhe\u00e7a e prestigie o talento que temos aqui\u201d, afirmou.<\/p>\n<p>A iniciativa \u00e9 promovida pela Prefeitura de S\u00e3o Pedro da Aldeia, por meio da Secretaria Municipal de Cultura, como parte do calend\u00e1rio oficial de eventos culturais\u00a0da\u00a0cidade.<\/p>\n","protected":false},"excerpt":{"rendered":"<p>Criada em setembro de 2022, a Orquestra Sons da Aldeia vem se firmando como um projeto essencial para a forma\u00e7\u00e3o musical e o fortalecimento da cultura em S\u00e3o Pedro da Aldeia. Composta por cerca de 50 integrantes, entre estudantes e professores da cidade, a orquestra realiza apresenta\u00e7\u00f5es em diferentes bairros e promove a m\u00fasica instrumental [&hellip;]<\/p>\n","protected":false},"author":2,"featured_media":20627,"comment_status":"open","ping_status":"open","sticky":true,"template":"","format":"standard","meta":{"footnotes":""},"categories":[1887],"tags":[1896],"class_list":["post-20626","post","type-post","status-publish","format-standard","has-post-thumbnail","hentry","category-sao-pedro-da-aldeia","tag-destaque"],"_links":{"self":[{"href":"https:\/\/blogdodanielgalvao.com.br\/site\/wp-json\/wp\/v2\/posts\/20626","targetHints":{"allow":["GET"]}}],"collection":[{"href":"https:\/\/blogdodanielgalvao.com.br\/site\/wp-json\/wp\/v2\/posts"}],"about":[{"href":"https:\/\/blogdodanielgalvao.com.br\/site\/wp-json\/wp\/v2\/types\/post"}],"author":[{"embeddable":true,"href":"https:\/\/blogdodanielgalvao.com.br\/site\/wp-json\/wp\/v2\/users\/2"}],"replies":[{"embeddable":true,"href":"https:\/\/blogdodanielgalvao.com.br\/site\/wp-json\/wp\/v2\/comments?post=20626"}],"version-history":[{"count":1,"href":"https:\/\/blogdodanielgalvao.com.br\/site\/wp-json\/wp\/v2\/posts\/20626\/revisions"}],"predecessor-version":[{"id":20628,"href":"https:\/\/blogdodanielgalvao.com.br\/site\/wp-json\/wp\/v2\/posts\/20626\/revisions\/20628"}],"wp:featuredmedia":[{"embeddable":true,"href":"https:\/\/blogdodanielgalvao.com.br\/site\/wp-json\/wp\/v2\/media\/20627"}],"wp:attachment":[{"href":"https:\/\/blogdodanielgalvao.com.br\/site\/wp-json\/wp\/v2\/media?parent=20626"}],"wp:term":[{"taxonomy":"category","embeddable":true,"href":"https:\/\/blogdodanielgalvao.com.br\/site\/wp-json\/wp\/v2\/categories?post=20626"},{"taxonomy":"post_tag","embeddable":true,"href":"https:\/\/blogdodanielgalvao.com.br\/site\/wp-json\/wp\/v2\/tags?post=20626"}],"curies":[{"name":"wp","href":"https:\/\/api.w.org\/{rel}","templated":true}]}}