{"id":20618,"date":"2025-07-08T14:18:08","date_gmt":"2025-07-08T17:18:08","guid":{"rendered":"https:\/\/blogdodanielgalvao.com.br\/site\/?p=20618"},"modified":"2025-07-08T14:18:08","modified_gmt":"2025-07-08T17:18:08","slug":"banda-capital-inicial-se-apresenta-sexta-feira-no-festival-cabo-frio-moto-rock-2025","status":"publish","type":"post","link":"https:\/\/blogdodanielgalvao.com.br\/site\/banda-capital-inicial-se-apresenta-sexta-feira-no-festival-cabo-frio-moto-rock-2025\/","title":{"rendered":"Banda Capital Inicial se apresenta sexta-feira no Festival Cabo Frio Moto Rock 2025"},"content":{"rendered":"<p>Com in\u00edcio nesta quinta-feira (10), o Festival Cabo Frio Moto Rock promete movimentar a Praia do Forte at\u00e9 o domingo (13), reunindo shows, cultura motociclista, gastronomia e feira de artesanato. A estrutura contar\u00e1 com palco principal, pra\u00e7a de alimenta\u00e7\u00e3o e espa\u00e7o para expositores.<\/p>\n<p>A programa\u00e7\u00e3o inclui mais de 15 apresenta\u00e7\u00f5es musicais, com bandas se revezando no palco principal e tamb\u00e9m na \u00e1rea da pra\u00e7a de alimenta\u00e7\u00e3o. Na quinta (10) e sexta (11), os shows come\u00e7am \u00e0s 17h. J\u00e1 no s\u00e1bado (12) e domingo (13), o evento inicia mais cedo, ao meio-dia.<\/p>\n<p>O ponto alto ser\u00e1 na sexta-feira (11), com o show da banda Capital Inicial, atra\u00e7\u00e3o mais esperada do festival. No mesmo dia, sobem ao palco tamb\u00e9m as bandas Smoking Folk e Cilindrada. J\u00e1 no s\u00e1bado, o p\u00fablico poder\u00e1 curtir Oziris, Zoo, Caravelas, Eternal Flame e um tributo aos Mamonas Assassinas com a banda 1406. No domingo, fecham a programa\u00e7\u00e3o Drena, Vinicius Mendon\u00e7a, Helena de Troia e L\u00e9o Barreto.<\/p>\n<p>Na abertura, na quinta-feira (10), se apresentam Garage Grounge, Ramona Rox e Edu Gomes, marcando o in\u00edcio da celebra\u00e7\u00e3o da cultura biker na cidade.<\/p>\n<p>O evento celebra n\u00e3o apenas o motociclismo, mas tamb\u00e9m o esp\u00edrito livre do rock\u2019n\u2019roll e a valoriza\u00e7\u00e3o dos artistas locais. \u201cCabo Frio tem um m\u00eas de julho repleto de eventos de qualidade e para todos os p\u00fablicos. O Moto Rock chega para somar ainda mais \u00e0 nossa programa\u00e7\u00e3o cultural, reunindo m\u00fasica, arte e muita energia na Praia do Forte\u201d, declarou o prefeito Dr. Serginho.<\/p>\n<p>A expectativa \u00e9 de que o festival atraia moradores e turistas em busca de boa m\u00fasica, gastronomia e experi\u00eancias culturais\u00a0ao\u00a0ar\u00a0livre.<\/p>\n","protected":false},"excerpt":{"rendered":"<p>Com in\u00edcio nesta quinta-feira (10), o Festival Cabo Frio Moto Rock promete movimentar a Praia do Forte at\u00e9 o domingo (13), reunindo shows, cultura motociclista, gastronomia e feira de artesanato. A estrutura contar\u00e1 com palco principal, pra\u00e7a de alimenta\u00e7\u00e3o e espa\u00e7o para expositores. A programa\u00e7\u00e3o inclui mais de 15 apresenta\u00e7\u00f5es musicais, com bandas se revezando [&hellip;]<\/p>\n","protected":false},"author":2,"featured_media":20619,"comment_status":"open","ping_status":"open","sticky":true,"template":"","format":"standard","meta":{"footnotes":""},"categories":[340],"tags":[1896],"class_list":["post-20618","post","type-post","status-publish","format-standard","has-post-thumbnail","hentry","category-cabo-frio","tag-destaque"],"_links":{"self":[{"href":"https:\/\/blogdodanielgalvao.com.br\/site\/wp-json\/wp\/v2\/posts\/20618","targetHints":{"allow":["GET"]}}],"collection":[{"href":"https:\/\/blogdodanielgalvao.com.br\/site\/wp-json\/wp\/v2\/posts"}],"about":[{"href":"https:\/\/blogdodanielgalvao.com.br\/site\/wp-json\/wp\/v2\/types\/post"}],"author":[{"embeddable":true,"href":"https:\/\/blogdodanielgalvao.com.br\/site\/wp-json\/wp\/v2\/users\/2"}],"replies":[{"embeddable":true,"href":"https:\/\/blogdodanielgalvao.com.br\/site\/wp-json\/wp\/v2\/comments?post=20618"}],"version-history":[{"count":1,"href":"https:\/\/blogdodanielgalvao.com.br\/site\/wp-json\/wp\/v2\/posts\/20618\/revisions"}],"predecessor-version":[{"id":20620,"href":"https:\/\/blogdodanielgalvao.com.br\/site\/wp-json\/wp\/v2\/posts\/20618\/revisions\/20620"}],"wp:featuredmedia":[{"embeddable":true,"href":"https:\/\/blogdodanielgalvao.com.br\/site\/wp-json\/wp\/v2\/media\/20619"}],"wp:attachment":[{"href":"https:\/\/blogdodanielgalvao.com.br\/site\/wp-json\/wp\/v2\/media?parent=20618"}],"wp:term":[{"taxonomy":"category","embeddable":true,"href":"https:\/\/blogdodanielgalvao.com.br\/site\/wp-json\/wp\/v2\/categories?post=20618"},{"taxonomy":"post_tag","embeddable":true,"href":"https:\/\/blogdodanielgalvao.com.br\/site\/wp-json\/wp\/v2\/tags?post=20618"}],"curies":[{"name":"wp","href":"https:\/\/api.w.org\/{rel}","templated":true}]}}