{"id":20367,"date":"2025-07-01T14:37:13","date_gmt":"2025-07-01T17:37:13","guid":{"rendered":"https:\/\/blogdodanielgalvao.com.br\/site\/?p=20367"},"modified":"2025-07-01T14:37:13","modified_gmt":"2025-07-01T17:37:13","slug":"cabo-frio-prorroga-campanha-de-perdao-fiscal-com-parcelamento-facilitado","status":"publish","type":"post","link":"https:\/\/blogdodanielgalvao.com.br\/site\/cabo-frio-prorroga-campanha-de-perdao-fiscal-com-parcelamento-facilitado\/","title":{"rendered":"Cabo Frio prorroga campanha de perd\u00e3o fiscal com parcelamento facilitado"},"content":{"rendered":"<p>A Prefeitura de Cabo Frio decidiu ampliar o prazo da campanha de regulariza\u00e7\u00e3o de d\u00e9bitos municipais, oferecendo condi\u00e7\u00f5es facilitadas para quem deseja colocar as contas em dia. A iniciativa garante descontos que chegam a 100% sobre juros e multas, com possibilidade de parcelamento em at\u00e9 36 vezes. A nova data-limite para ades\u00e3o \u00e9 30 de setembro.<\/p>\n<p>A prorroga\u00e7\u00e3o foi oficializada por meio do Decreto Municipal n\u00ba 7.563, assinado pelo prefeito Dr. Serginho, publicado na edi\u00e7\u00e3o n\u00ba 1.249 do Di\u00e1rio Oficial do Munic\u00edpio, em 27 de junho. A base legal da a\u00e7\u00e3o \u00e9 a Lei Municipal n\u00ba 4.467, de 31 de mar\u00e7o de 2025.<\/p>\n<p>Tanto cidad\u00e3os quanto empresas com d\u00e9bitos vencidos at\u00e9 31 de dezembro de 2024 \u2014 registrados ou n\u00e3o em D\u00edvida Ativa \u2014 podem participar do programa. Quem optar pelo pagamento \u00e0 vista ter\u00e1 isen\u00e7\u00e3o total das penalidades. Tamb\u00e9m \u00e9 poss\u00edvel parcelar: em at\u00e9 6 vezes, o desconto \u00e9 de 70%; em at\u00e9 12, o abatimento \u00e9 de 50%; e entre 13 e 36 parcelas, o desconto chega a 30%. O valor m\u00ednimo das parcelas \u00e9 de R\\$ 100 para contribuintes individuais e R\\$ 200 para pessoas jur\u00eddicas.<\/p>\n<p>Os atendimentos s\u00e3o realizados presencialmente na Secretaria de Fazenda, na Rua Major Belegard, n\u00ba 395, bairro S\u00e3o Bento, ou na unidade de Tamoios, localizada no Shopping Unapark \u2013 Bloco A \u2013 Loja 10. O funcionamento vai das 8h30 \u00e0s 17h. A lista de documentos necess\u00e1rios est\u00e1 dispon\u00edvel online no link: <a href=\"https:\/\/www.cabofrio.instartecnologia.com.br\/portal\/diario-oficial\/ver\/1584\"><strong>[clique aqui]<\/strong><\/a><\/p>\n<p>A ades\u00e3o tamb\u00e9m pode ser feita digitalmente, por meio do portal da Secretaria de Fazenda (fazenda.cabofrio.rj.gov.br), desde que o contribuinte esteja com o cadastro atualizado. Em caso de d\u00favidas ou necessidade de atualiza\u00e7\u00e3o, os canais de contato s\u00e3o o WhatsApp (22) 3199-1583 ou o e-mail: <a href=\"mailto:divat@fazenda.cabofrio.rj.gov.br\">divat@fazenda.cabofrio.rj.gov.br<\/a>.<\/p>\n<p>A administra\u00e7\u00e3o municipal refor\u00e7a que o n\u00e3o pagamento das parcelas pode resultar na perda dos benef\u00edcios e na retomada da cobran\u00e7a integral da d\u00edvida.<\/p>\n<p>\u201cA gente entende que o dia a dia pesa no bolso do cidad\u00e3o, por isso decidimos estender esse prazo. \u00c9 uma chance para que mais pessoas possam regularizar sua situa\u00e7\u00e3o fiscal e, ao mesmo tempo, colaborar com o crescimento de Cabo Frio\u201d, afirmou o prefeito Dr. Serginho.<\/p>\n<p>&nbsp;<\/p>\n<p><strong>OP\u00c7\u00d5ES DE PAGAMENTO E DESCONTOS<\/strong><\/p>\n<p>* \u00c0 vista: 100% de desconto em juros e multas<\/p>\n<p>* Parcelado em at\u00e9 6x: 70% de desconto<\/p>\n<p>* Parcelado em at\u00e9 12x: 50% de desconto<\/p>\n<p>* Parcelado entre 13x e 36x: 30% de desconto<\/p>\n<p>&nbsp;<\/p>\n<p><strong>ATENDIMENTO PRESENCIAL<\/strong><\/p>\n<ul>\n<li>Secretaria de Fazenda: Rua Major Belegard, 395 \u2013 S\u00e3o Bento<\/li>\n<li>Secretaria Adjunta de Tamoios: Shopping Unapark \u2013 Bloco A \u2013 Loja 10<\/li>\n<li>Atendimento: das 8h30 \u00e0s 17h<\/li>\n<\/ul>\n<p>&nbsp;<\/p>\n<p><strong>ATENDIMENTO ONLINE<\/strong><\/p>\n<ul>\n<li>Site: <a href=\"http:\/\/fazenda.cabofrio.rj.gov.br\">fazenda.cabofrio.rj.gov.br<\/a><\/li>\n<li>WhatsApp: (22) 3199-1583<\/li>\n<li>E-mail: <a href=\"mailto:divat@fazenda.cabofrio.rj.gov.br\">divat@fazenda.cabofrio.rj.gov.br<\/a><\/li>\n<\/ul>\n","protected":false},"excerpt":{"rendered":"<p>A Prefeitura de Cabo Frio decidiu ampliar o prazo da campanha de regulariza\u00e7\u00e3o de d\u00e9bitos municipais, oferecendo condi\u00e7\u00f5es facilitadas para quem deseja colocar as contas em dia. A iniciativa garante descontos que chegam a 100% sobre juros e multas, com possibilidade de parcelamento em at\u00e9 36 vezes. A nova data-limite para ades\u00e3o \u00e9 30 de [&hellip;]<\/p>\n","protected":false},"author":2,"featured_media":20368,"comment_status":"open","ping_status":"open","sticky":true,"template":"","format":"standard","meta":{"footnotes":""},"categories":[340],"tags":[1896],"class_list":["post-20367","post","type-post","status-publish","format-standard","has-post-thumbnail","hentry","category-cabo-frio","tag-destaque"],"_links":{"self":[{"href":"https:\/\/blogdodanielgalvao.com.br\/site\/wp-json\/wp\/v2\/posts\/20367","targetHints":{"allow":["GET"]}}],"collection":[{"href":"https:\/\/blogdodanielgalvao.com.br\/site\/wp-json\/wp\/v2\/posts"}],"about":[{"href":"https:\/\/blogdodanielgalvao.com.br\/site\/wp-json\/wp\/v2\/types\/post"}],"author":[{"embeddable":true,"href":"https:\/\/blogdodanielgalvao.com.br\/site\/wp-json\/wp\/v2\/users\/2"}],"replies":[{"embeddable":true,"href":"https:\/\/blogdodanielgalvao.com.br\/site\/wp-json\/wp\/v2\/comments?post=20367"}],"version-history":[{"count":1,"href":"https:\/\/blogdodanielgalvao.com.br\/site\/wp-json\/wp\/v2\/posts\/20367\/revisions"}],"predecessor-version":[{"id":20369,"href":"https:\/\/blogdodanielgalvao.com.br\/site\/wp-json\/wp\/v2\/posts\/20367\/revisions\/20369"}],"wp:featuredmedia":[{"embeddable":true,"href":"https:\/\/blogdodanielgalvao.com.br\/site\/wp-json\/wp\/v2\/media\/20368"}],"wp:attachment":[{"href":"https:\/\/blogdodanielgalvao.com.br\/site\/wp-json\/wp\/v2\/media?parent=20367"}],"wp:term":[{"taxonomy":"category","embeddable":true,"href":"https:\/\/blogdodanielgalvao.com.br\/site\/wp-json\/wp\/v2\/categories?post=20367"},{"taxonomy":"post_tag","embeddable":true,"href":"https:\/\/blogdodanielgalvao.com.br\/site\/wp-json\/wp\/v2\/tags?post=20367"}],"curies":[{"name":"wp","href":"https:\/\/api.w.org\/{rel}","templated":true}]}}