{"id":20364,"date":"2025-07-01T14:30:30","date_gmt":"2025-07-01T17:30:30","guid":{"rendered":"https:\/\/blogdodanielgalvao.com.br\/site\/?p=20364"},"modified":"2025-07-01T14:30:30","modified_gmt":"2025-07-01T17:30:30","slug":"incendio-no-morro-do-elefante-em-marica-pode-ter-sido-causado-por-queda-de-balao","status":"publish","type":"post","link":"https:\/\/blogdodanielgalvao.com.br\/site\/incendio-no-morro-do-elefante-em-marica-pode-ter-sido-causado-por-queda-de-balao\/","title":{"rendered":"Inc\u00eandio no Morro do Elefante, em Maric\u00e1, pode ter sido causado por queda de bal\u00e3o"},"content":{"rendered":"<p>As autoridades seguem atentas aos danos causados por um inc\u00eandio de grandes propor\u00e7\u00f5es que atingiu a vegeta\u00e7\u00e3o da Pedra do Elefante, no Parque Estadual da Serra da Tiririca, em Maric\u00e1, no \u00faltimo domingo, 29.<\/p>\n<p>Apesar dos esfor\u00e7os das equipes do Corpo de Bombeiros, acionadas ainda na parte da manh\u00e3, e que atuaram durante todo o domingo, novos focos de inc\u00eandio voltaram a ser registrados no local nessa segunda-feira, 30.<\/p>\n<p>De acordo com imagens feitas nas redondezas, a fuma\u00e7a provocada pelas chamas podia ser vista em diversos do distrito de Itaipua\u00e7u, exigindo a atua\u00e7\u00e3o de uma aeronave para controlar as chamas em locais de dif\u00edcil acesso por terra.<\/p>\n<p>Ao G1, moradores do entorno relataram que um bal\u00e3o teria ca\u00eddo na regi\u00e3o da Pedra do Elefante, o que pode ter causado o in\u00edcio do inc\u00eandio, que ainda tem sua causa sob investiga\u00e7\u00e3o das autoridades locais.<\/p>\n<p>O inc\u00eandio teria sido notado na manh\u00e3 de domingo, por um morador que percebeu a fuma\u00e7a nas proximidades de uma trilha no Morro do Elefante, mobilizando a Guarda Municipal, que acionou o Corpo de Bombeiros.<\/p>\n<p>Informa\u00e7\u00f5es apuradas pelo portal Maric\u00e1 Info refor\u00e7am a teoria da queda de bal\u00e3o, conforme teria sido relatado por um servidor do Instituto Estadual de Ambiente (Inea) para agentes do Grupamento Tur\u00edstico (GTUR) de Maric\u00e1.<\/p>\n<p>Ainda na manh\u00e3 de domingo, a trilha foi evacuada para garantir a seguran\u00e7a dos visitantes, com a atua\u00e7\u00e3o r\u00e1pida dos guardas municipais, que precisaram encarar 1h de subida at\u00e9 a \u00e1rea da \u201cCarrasqueira\u201d, tamb\u00e9m conhecida como Cabe\u00e7a do Elefante, onde conseguiram localizar os trilheiros, que desceram em seguran\u00e7a.<\/p>\n","protected":false},"excerpt":{"rendered":"<p>As autoridades seguem atentas aos danos causados por um inc\u00eandio de grandes propor\u00e7\u00f5es que atingiu a vegeta\u00e7\u00e3o da Pedra do Elefante, no Parque Estadual da Serra da Tiririca, em Maric\u00e1, no \u00faltimo domingo, 29. Apesar dos esfor\u00e7os das equipes do Corpo de Bombeiros, acionadas ainda na parte da manh\u00e3, e que atuaram durante todo o [&hellip;]<\/p>\n","protected":false},"author":2,"featured_media":20365,"comment_status":"open","ping_status":"open","sticky":true,"template":"","format":"standard","meta":{"footnotes":""},"categories":[299],"tags":[1896],"class_list":["post-20364","post","type-post","status-publish","format-standard","has-post-thumbnail","hentry","category-marica","tag-destaque"],"_links":{"self":[{"href":"https:\/\/blogdodanielgalvao.com.br\/site\/wp-json\/wp\/v2\/posts\/20364","targetHints":{"allow":["GET"]}}],"collection":[{"href":"https:\/\/blogdodanielgalvao.com.br\/site\/wp-json\/wp\/v2\/posts"}],"about":[{"href":"https:\/\/blogdodanielgalvao.com.br\/site\/wp-json\/wp\/v2\/types\/post"}],"author":[{"embeddable":true,"href":"https:\/\/blogdodanielgalvao.com.br\/site\/wp-json\/wp\/v2\/users\/2"}],"replies":[{"embeddable":true,"href":"https:\/\/blogdodanielgalvao.com.br\/site\/wp-json\/wp\/v2\/comments?post=20364"}],"version-history":[{"count":1,"href":"https:\/\/blogdodanielgalvao.com.br\/site\/wp-json\/wp\/v2\/posts\/20364\/revisions"}],"predecessor-version":[{"id":20366,"href":"https:\/\/blogdodanielgalvao.com.br\/site\/wp-json\/wp\/v2\/posts\/20364\/revisions\/20366"}],"wp:featuredmedia":[{"embeddable":true,"href":"https:\/\/blogdodanielgalvao.com.br\/site\/wp-json\/wp\/v2\/media\/20365"}],"wp:attachment":[{"href":"https:\/\/blogdodanielgalvao.com.br\/site\/wp-json\/wp\/v2\/media?parent=20364"}],"wp:term":[{"taxonomy":"category","embeddable":true,"href":"https:\/\/blogdodanielgalvao.com.br\/site\/wp-json\/wp\/v2\/categories?post=20364"},{"taxonomy":"post_tag","embeddable":true,"href":"https:\/\/blogdodanielgalvao.com.br\/site\/wp-json\/wp\/v2\/tags?post=20364"}],"curies":[{"name":"wp","href":"https:\/\/api.w.org\/{rel}","templated":true}]}}