{"id":20358,"date":"2025-07-01T14:22:12","date_gmt":"2025-07-01T17:22:12","guid":{"rendered":"https:\/\/blogdodanielgalvao.com.br\/site\/?p=20358"},"modified":"2025-07-01T14:22:12","modified_gmt":"2025-07-01T17:22:12","slug":"silva-jardim-tem-show-de-martnalia-confirmado-no-festival-sesc-de-inverno","status":"publish","type":"post","link":"https:\/\/blogdodanielgalvao.com.br\/site\/silva-jardim-tem-show-de-martnalia-confirmado-no-festival-sesc-de-inverno\/","title":{"rendered":"Silva Jardim tem show de Mart\u2019n\u00e1lia confirmado no Festival Sesc de Inverno"},"content":{"rendered":"<p>A programa\u00e7\u00e3o do Festival Sesc de Inverno teve suas primeiras atra\u00e7\u00f5es confirmadas em Silva Jardim, onde o evento acontece na Pra\u00e7a Amaral Peixoto, no Centro, no fim de semana dos dias 12 e 13 de julho, sempre com shows gratuitos.<\/p>\n<p>Para animar o p\u00fablico da cidade, o evento traz duas cantoras refer\u00eancias em seus g\u00eaneros musicais, a ic\u00f4nica Elba Ramalho, que ser\u00e1 a grande atra\u00e7\u00e3o do s\u00e1bado, 12, a partir das 22h, e a sambista Mart\u2019n\u00e1lia, que fecha a programa\u00e7\u00e3o no domingo, 13, a partir das 20h.<\/p>\n<p>De acordo com a p\u00e1gina oficial do festival, a programa\u00e7\u00e3o ainda tem duas atra\u00e7\u00f5es n\u00e3o confirmadas, que se apresentam na cidade no s\u00e1bado, a partir das 20h, antes do show da Elba, e no domingo, a partir das 18h, abrindo o show de Mart\u2019n\u00e1lia.<\/p>\n<p>Realizado pelo Servi\u00e7o Social do Com\u00e9rcio (Sesc), o festival acontece em 25 localidades do Estado do Rio entre os dias 11 e 27 de julho, reunindo atra\u00e7\u00f5es de m\u00fasica, dan\u00e7a, teatro, circo, audiovisual, arte visual e fotografia, com a promessa de mais 700 horas de programa\u00e7\u00e3o art\u00edstica durante todo o evento.<\/p>\n<p>Presidente do Sindicato Patronal do Com\u00e9rcio Varejista (Sindicom\u00e9rcio) de Rio das Ostras, que representa tamb\u00e9m as cidades de Casimiro de Abreu e Silva Jardim, o empres\u00e1rio Marcelo Ayres, ressaltou a import\u00e2ncia do evento tamb\u00e9m para o desenvolvimento econ\u00f4mico da regi\u00e3o.<\/p>\n<p>\u201cA cultura tem um papel central no desenvolvimento local. Este festival \u00e9 uma oportunidade para aquecer o com\u00e9rcio, valorizar os comerciantes e garantir acesso gratuito \u00e0 arte de qualidade para todos os p\u00fablicos\u201d, afirmou Marcelo Ayres.<\/p>\n","protected":false},"excerpt":{"rendered":"<p>A programa\u00e7\u00e3o do Festival Sesc de Inverno teve suas primeiras atra\u00e7\u00f5es confirmadas em Silva Jardim, onde o evento acontece na Pra\u00e7a Amaral Peixoto, no Centro, no fim de semana dos dias 12 e 13 de julho, sempre com shows gratuitos. Para animar o p\u00fablico da cidade, o evento traz duas cantoras refer\u00eancias em seus g\u00eaneros [&hellip;]<\/p>\n","protected":false},"author":2,"featured_media":20360,"comment_status":"open","ping_status":"open","sticky":true,"template":"","format":"standard","meta":{"footnotes":""},"categories":[2081],"tags":[],"class_list":["post-20358","post","type-post","status-publish","format-standard","has-post-thumbnail","hentry","category-lazer"],"_links":{"self":[{"href":"https:\/\/blogdodanielgalvao.com.br\/site\/wp-json\/wp\/v2\/posts\/20358","targetHints":{"allow":["GET"]}}],"collection":[{"href":"https:\/\/blogdodanielgalvao.com.br\/site\/wp-json\/wp\/v2\/posts"}],"about":[{"href":"https:\/\/blogdodanielgalvao.com.br\/site\/wp-json\/wp\/v2\/types\/post"}],"author":[{"embeddable":true,"href":"https:\/\/blogdodanielgalvao.com.br\/site\/wp-json\/wp\/v2\/users\/2"}],"replies":[{"embeddable":true,"href":"https:\/\/blogdodanielgalvao.com.br\/site\/wp-json\/wp\/v2\/comments?post=20358"}],"version-history":[{"count":1,"href":"https:\/\/blogdodanielgalvao.com.br\/site\/wp-json\/wp\/v2\/posts\/20358\/revisions"}],"predecessor-version":[{"id":20362,"href":"https:\/\/blogdodanielgalvao.com.br\/site\/wp-json\/wp\/v2\/posts\/20358\/revisions\/20362"}],"wp:featuredmedia":[{"embeddable":true,"href":"https:\/\/blogdodanielgalvao.com.br\/site\/wp-json\/wp\/v2\/media\/20360"}],"wp:attachment":[{"href":"https:\/\/blogdodanielgalvao.com.br\/site\/wp-json\/wp\/v2\/media?parent=20358"}],"wp:term":[{"taxonomy":"category","embeddable":true,"href":"https:\/\/blogdodanielgalvao.com.br\/site\/wp-json\/wp\/v2\/categories?post=20358"},{"taxonomy":"post_tag","embeddable":true,"href":"https:\/\/blogdodanielgalvao.com.br\/site\/wp-json\/wp\/v2\/tags?post=20358"}],"curies":[{"name":"wp","href":"https:\/\/api.w.org\/{rel}","templated":true}]}}