{"id":20355,"date":"2025-07-01T14:14:38","date_gmt":"2025-07-01T17:14:38","guid":{"rendered":"https:\/\/blogdodanielgalvao.com.br\/site\/?p=20355"},"modified":"2025-07-01T14:14:38","modified_gmt":"2025-07-01T17:14:38","slug":"marica-festival-sesc-de-inverno-e-festival-de-blues-rock-e-jazz-agitam-o-mes-de-julho","status":"publish","type":"post","link":"https:\/\/blogdodanielgalvao.com.br\/site\/marica-festival-sesc-de-inverno-e-festival-de-blues-rock-e-jazz-agitam-o-mes-de-julho\/","title":{"rendered":"Maric\u00e1: Festival Sesc de Inverno e Festival de Blues, Rock e Jazz agitam o m\u00eas de julho"},"content":{"rendered":"<p>O m\u00eas de julho promete muito som e muita anima\u00e7\u00e3o em Maric\u00e1, com a realiza\u00e7\u00e3o do 2\u00ba Festival de Blues, Rock e Jazz, que acontece na Orla do Parque Nanci entre os dias 4 e 13, e com o Festival Sesc de Inverno, que acontece nos dias 25, 26 e 27, e teve suas primeiras atra\u00e7\u00f5es confirmadas.<\/p>\n<p>Realizado pelo Servi\u00e7o Social do Com\u00e9rcio (Sesc), o evento acontece em 25 localidades do Estado do Rio, entre os dias 11 e 27 de julho, e traz para Maric\u00e1 nomes como Toni Garrido, Lucy Alves e Frejat.<\/p>\n<p>As atra\u00e7\u00f5es foram anunciadas nos \u00faltimos dias, confirmando tamb\u00e9m os hor\u00e1rios dos shows, com Toni Garrido abrindo a programa\u00e7\u00e3o no dia 25, Lucy Alves empolgando o p\u00fablico no dia 26 e Frejat fechando o evento na cidade no dia 27, sempre \u00e0s 20h.<\/p>\n<p>De acordo com a p\u00e1gina oficial do evento, restam ainda algumas atra\u00e7\u00f5es a serem anunciadas para completar a programa\u00e7\u00e3o em Maric\u00e1, que devem abrir os shows principais, nos 3 dias, sempre com hor\u00e1rio a partir das 19h.<\/p>\n<p>Tamb\u00e9m nessa semana, a prefeitura anunciou toda a programa\u00e7\u00e3o do 2\u00ba Festival de Blues, Rock e Jazz da cidade, que contar\u00e1 com Bar\u00e3o Vermelho, Blitz, Letrux, Fl\u00e1vio Venturini, Hamilton de Holanda e Blues Et\u00edlicos, entre outros grandes nomes da m\u00fasica brasileira e artistas locais.<\/p>\n<p>\u201cO evento, que se consolida como um dos maiores festivais de m\u00fasica da regi\u00e3o, contar\u00e1 com shows de grandes nomes da cena nacional e artistas locais, oferecendo uma maratona de cultura e entretenimento para moradores e visitantes\u201d, anunciou o munic\u00edpio.<\/p>\n<p>Ao todo, a programa\u00e7\u00e3o inclui 12 bandas e artistas da cidade e da regi\u00e3o, que garantem a representatividade local no palco, com shows sempre a partir das 19h, al\u00e9m da feira \u201cMaric\u00e1 Mostra Cultura\u201d, e uma \u00e1rea de alimenta\u00e7\u00e3o.<\/p>\n<p>\u201cO Festival de Blues, Rock e Jazz \u00e9 uma maneira de colocar qualidade e estilo musical ao alcance da popula\u00e7\u00e3o de Maric\u00e1, estimulando a gera\u00e7\u00e3o da economia criativa e intervindo no panorama est\u00e9tico da mem\u00f3ria viva da m\u00fasica no Brasil\u201d, afirmou o secret\u00e1rio de Cultura e das Utopias, Sady Bianchin.<\/p>\n<p>Para conferir a programa\u00e7\u00e3o completa, com os dias e hor\u00e1rios dos shows, que, assim como no Festival Sesc de Inverno, ser\u00e3o totalmente gratuitos, basta acessar o site ou as p\u00e1ginas da prefeitura nas redes sociais.<\/p>\n","protected":false},"excerpt":{"rendered":"<p>O m\u00eas de julho promete muito som e muita anima\u00e7\u00e3o em Maric\u00e1, com a realiza\u00e7\u00e3o do 2\u00ba Festival de Blues, Rock e Jazz, que acontece na Orla do Parque Nanci entre os dias 4 e 13, e com o Festival Sesc de Inverno, que acontece nos dias 25, 26 e 27, e teve suas primeiras [&hellip;]<\/p>\n","protected":false},"author":2,"featured_media":20356,"comment_status":"open","ping_status":"open","sticky":true,"template":"","format":"standard","meta":{"footnotes":""},"categories":[299],"tags":[1896],"class_list":["post-20355","post","type-post","status-publish","format-standard","has-post-thumbnail","hentry","category-marica","tag-destaque"],"_links":{"self":[{"href":"https:\/\/blogdodanielgalvao.com.br\/site\/wp-json\/wp\/v2\/posts\/20355","targetHints":{"allow":["GET"]}}],"collection":[{"href":"https:\/\/blogdodanielgalvao.com.br\/site\/wp-json\/wp\/v2\/posts"}],"about":[{"href":"https:\/\/blogdodanielgalvao.com.br\/site\/wp-json\/wp\/v2\/types\/post"}],"author":[{"embeddable":true,"href":"https:\/\/blogdodanielgalvao.com.br\/site\/wp-json\/wp\/v2\/users\/2"}],"replies":[{"embeddable":true,"href":"https:\/\/blogdodanielgalvao.com.br\/site\/wp-json\/wp\/v2\/comments?post=20355"}],"version-history":[{"count":1,"href":"https:\/\/blogdodanielgalvao.com.br\/site\/wp-json\/wp\/v2\/posts\/20355\/revisions"}],"predecessor-version":[{"id":20357,"href":"https:\/\/blogdodanielgalvao.com.br\/site\/wp-json\/wp\/v2\/posts\/20355\/revisions\/20357"}],"wp:featuredmedia":[{"embeddable":true,"href":"https:\/\/blogdodanielgalvao.com.br\/site\/wp-json\/wp\/v2\/media\/20356"}],"wp:attachment":[{"href":"https:\/\/blogdodanielgalvao.com.br\/site\/wp-json\/wp\/v2\/media?parent=20355"}],"wp:term":[{"taxonomy":"category","embeddable":true,"href":"https:\/\/blogdodanielgalvao.com.br\/site\/wp-json\/wp\/v2\/categories?post=20355"},{"taxonomy":"post_tag","embeddable":true,"href":"https:\/\/blogdodanielgalvao.com.br\/site\/wp-json\/wp\/v2\/tags?post=20355"}],"curies":[{"name":"wp","href":"https:\/\/api.w.org\/{rel}","templated":true}]}}