{"id":20352,"date":"2025-07-01T14:08:11","date_gmt":"2025-07-01T17:08:11","guid":{"rendered":"https:\/\/blogdodanielgalvao.com.br\/site\/?p=20352"},"modified":"2025-07-01T14:08:11","modified_gmt":"2025-07-01T17:08:11","slug":"prefeitura-arraial-do-cabo-lanca-curso-de-espanhol-gratuito-para-fortalecer-atendimento-ao-turista-estrangeiro","status":"publish","type":"post","link":"https:\/\/blogdodanielgalvao.com.br\/site\/prefeitura-arraial-do-cabo-lanca-curso-de-espanhol-gratuito-para-fortalecer-atendimento-ao-turista-estrangeiro\/","title":{"rendered":"Prefeitura Arraial do Cabo lan\u00e7a curso de espanhol gratuito para fortalecer atendimento ao turista estrangeiro"},"content":{"rendered":"<p>A Prefeitura de Arraial do Cabo, por meio da Secretaria Municipal de Turismo, em parceria com o Senac Rio, abriu nesta segunda-feira (30) o edital para um curso gratuito de espanhol com foco na \u00e1rea tur\u00edstica.<\/p>\n<p>Est\u00e3o sendo disponibilizadas 200 vagas, prioritariamente destinadas a profissionais que atuam diretamente com o atendimento ao visitante, como guias, comerciantes, ambulantes e demais prestadores de servi\u00e7o do setor tur\u00edstico local.<\/p>\n<p>A forma\u00e7\u00e3o integra o Qualificatur, maior programa municipal de capacita\u00e7\u00e3o para o turismo, que j\u00e1 beneficiou mais de 3 mil pessoas desde sua cria\u00e7\u00e3o. A iniciativa tem como objetivo aprimorar o atendimento aos turistas estrangeiros e fortalecer a qualifica\u00e7\u00e3o da m\u00e3o de obra local.<\/p>\n<p>Com dura\u00e7\u00e3o de tr\u00eas meses, o curso ser\u00e1 realizado nas depend\u00eancias da Faetec, localizada na Travessa Jo\u00e3o Jos\u00e9 de Andrade, n\u00ba 23, no bairro Prainha.<\/p>\n<p>Os interessados devem consultar o edital completo, com informa\u00e7\u00f5es sobre datas, hor\u00e1rios e crit\u00e9rios de participa\u00e7\u00e3o, por meio do link dispon\u00edvel na bio do perfil oficial da Prefeitura ou da Secretaria\u00a0de\u00a0Turismo.<\/p>\n","protected":false},"excerpt":{"rendered":"<p>A Prefeitura de Arraial do Cabo, por meio da Secretaria Municipal de Turismo, em parceria com o Senac Rio, abriu nesta segunda-feira (30) o edital para um curso gratuito de espanhol com foco na \u00e1rea tur\u00edstica. Est\u00e3o sendo disponibilizadas 200 vagas, prioritariamente destinadas a profissionais que atuam diretamente com o atendimento ao visitante, como guias, [&hellip;]<\/p>\n","protected":false},"author":2,"featured_media":20353,"comment_status":"open","ping_status":"open","sticky":true,"template":"","format":"standard","meta":{"footnotes":""},"categories":[838],"tags":[1896],"class_list":["post-20352","post","type-post","status-publish","format-standard","has-post-thumbnail","hentry","category-arraial-do-cabo","tag-destaque"],"_links":{"self":[{"href":"https:\/\/blogdodanielgalvao.com.br\/site\/wp-json\/wp\/v2\/posts\/20352","targetHints":{"allow":["GET"]}}],"collection":[{"href":"https:\/\/blogdodanielgalvao.com.br\/site\/wp-json\/wp\/v2\/posts"}],"about":[{"href":"https:\/\/blogdodanielgalvao.com.br\/site\/wp-json\/wp\/v2\/types\/post"}],"author":[{"embeddable":true,"href":"https:\/\/blogdodanielgalvao.com.br\/site\/wp-json\/wp\/v2\/users\/2"}],"replies":[{"embeddable":true,"href":"https:\/\/blogdodanielgalvao.com.br\/site\/wp-json\/wp\/v2\/comments?post=20352"}],"version-history":[{"count":1,"href":"https:\/\/blogdodanielgalvao.com.br\/site\/wp-json\/wp\/v2\/posts\/20352\/revisions"}],"predecessor-version":[{"id":20354,"href":"https:\/\/blogdodanielgalvao.com.br\/site\/wp-json\/wp\/v2\/posts\/20352\/revisions\/20354"}],"wp:featuredmedia":[{"embeddable":true,"href":"https:\/\/blogdodanielgalvao.com.br\/site\/wp-json\/wp\/v2\/media\/20353"}],"wp:attachment":[{"href":"https:\/\/blogdodanielgalvao.com.br\/site\/wp-json\/wp\/v2\/media?parent=20352"}],"wp:term":[{"taxonomy":"category","embeddable":true,"href":"https:\/\/blogdodanielgalvao.com.br\/site\/wp-json\/wp\/v2\/categories?post=20352"},{"taxonomy":"post_tag","embeddable":true,"href":"https:\/\/blogdodanielgalvao.com.br\/site\/wp-json\/wp\/v2\/tags?post=20352"}],"curies":[{"name":"wp","href":"https:\/\/api.w.org\/{rel}","templated":true}]}}