{"id":20343,"date":"2025-07-01T14:01:17","date_gmt":"2025-07-01T17:01:17","guid":{"rendered":"https:\/\/blogdodanielgalvao.com.br\/site\/?p=20343"},"modified":"2025-07-01T14:02:15","modified_gmt":"2025-07-01T17:02:15","slug":"arraial-do-cabo-aprova-editais-culturais-com-foco-em-inclusao-e-valorizacao-de-mestres-populares","status":"publish","type":"post","link":"https:\/\/blogdodanielgalvao.com.br\/site\/arraial-do-cabo-aprova-editais-culturais-com-foco-em-inclusao-e-valorizacao-de-mestres-populares\/","title":{"rendered":"Arraial do Cabo aprova editais culturais com foco em inclus\u00e3o e valoriza\u00e7\u00e3o de mestres populares"},"content":{"rendered":"<p>Na \u00faltima quinta-feira (26), Arraial do Cabo promoveu uma nova etapa de escuta e constru\u00e7\u00e3o coletiva para o setor cultural. A Consulta P\u00fablica da Pol\u00edtica Nacional Aldir Blanc (PNAB), realizada no Centro Educacional e Cultural Manoel Camargo, reuniu 34 agentes culturais, al\u00e9m de representantes do poder p\u00fablico, para discutir o segundo ciclo de execu\u00e7\u00e3o da pol\u00edtica federal de fomento \u00e0 cultura.<\/p>\n<p>Durante o encontro, foram apresentadas propostas, analisadas demandas da classe art\u00edstica e feitas vota\u00e7\u00f5es para definir os pr\u00f3ximos passos. A principal delibera\u00e7\u00e3o resultou na cria\u00e7\u00e3o de dois editais: um com foco no apoio geral a iniciativas culturais e outro voltado especificamente para premiar Mestres da Cultura Popular, representantes de Povos Tradicionais e artistas que atuam em \u00e1reas rurais e perif\u00e9ricas do munic\u00edpio.<\/p>\n<p>Os participantes tamb\u00e9m aprovaram que os editais seguir\u00e3o os crit\u00e9rios da Instru\u00e7\u00e3o Normativa MINC n\u00ba 10\/2023, que estabelece cotas afirmativas: 25% das vagas para pessoas negras, 10% para ind\u00edgenas e 5% para pessoas com defici\u00eancia. A medida busca garantir equidade, inclus\u00e3o e maior alcance das a\u00e7\u00f5es culturais.<\/p>\n<p>Outro ponto acordado foi a possibilidade de destinar at\u00e9 5% do valor total dos recursos \u00e0 contrata\u00e7\u00e3o de pareceristas externos, garantindo isen\u00e7\u00e3o e imparcialidade na an\u00e1lise das propostas inscritas.<\/p>\n<p>A iniciativa refor\u00e7a o compromisso da gest\u00e3o municipal com a participa\u00e7\u00e3o social e a transpar\u00eancia nas decis\u00f5es que envolvem a cultura local. A Consulta P\u00fablica se consolida como um instrumento essencial para a formula\u00e7\u00e3o de pol\u00edticas p\u00fablicas mais democr\u00e1ticas, inclusivas e alinhadas \u00e0 realidade dos fazedores de cultura de Arraial\u00a0do\u00a0Cabo.<\/p>\n","protected":false},"excerpt":{"rendered":"<p>Na \u00faltima quinta-feira (26), Arraial do Cabo promoveu uma nova etapa de escuta e constru\u00e7\u00e3o coletiva para o setor cultural. A Consulta P\u00fablica da Pol\u00edtica Nacional Aldir Blanc (PNAB), realizada no Centro Educacional e Cultural Manoel Camargo, reuniu 34 agentes culturais, al\u00e9m de representantes do poder p\u00fablico, para discutir o segundo ciclo de execu\u00e7\u00e3o da [&hellip;]<\/p>\n","protected":false},"author":2,"featured_media":20344,"comment_status":"open","ping_status":"open","sticky":true,"template":"","format":"standard","meta":{"footnotes":""},"categories":[838],"tags":[1896],"class_list":["post-20343","post","type-post","status-publish","format-standard","has-post-thumbnail","hentry","category-arraial-do-cabo","tag-destaque"],"_links":{"self":[{"href":"https:\/\/blogdodanielgalvao.com.br\/site\/wp-json\/wp\/v2\/posts\/20343","targetHints":{"allow":["GET"]}}],"collection":[{"href":"https:\/\/blogdodanielgalvao.com.br\/site\/wp-json\/wp\/v2\/posts"}],"about":[{"href":"https:\/\/blogdodanielgalvao.com.br\/site\/wp-json\/wp\/v2\/types\/post"}],"author":[{"embeddable":true,"href":"https:\/\/blogdodanielgalvao.com.br\/site\/wp-json\/wp\/v2\/users\/2"}],"replies":[{"embeddable":true,"href":"https:\/\/blogdodanielgalvao.com.br\/site\/wp-json\/wp\/v2\/comments?post=20343"}],"version-history":[{"count":1,"href":"https:\/\/blogdodanielgalvao.com.br\/site\/wp-json\/wp\/v2\/posts\/20343\/revisions"}],"predecessor-version":[{"id":20347,"href":"https:\/\/blogdodanielgalvao.com.br\/site\/wp-json\/wp\/v2\/posts\/20343\/revisions\/20347"}],"wp:featuredmedia":[{"embeddable":true,"href":"https:\/\/blogdodanielgalvao.com.br\/site\/wp-json\/wp\/v2\/media\/20344"}],"wp:attachment":[{"href":"https:\/\/blogdodanielgalvao.com.br\/site\/wp-json\/wp\/v2\/media?parent=20343"}],"wp:term":[{"taxonomy":"category","embeddable":true,"href":"https:\/\/blogdodanielgalvao.com.br\/site\/wp-json\/wp\/v2\/categories?post=20343"},{"taxonomy":"post_tag","embeddable":true,"href":"https:\/\/blogdodanielgalvao.com.br\/site\/wp-json\/wp\/v2\/tags?post=20343"}],"curies":[{"name":"wp","href":"https:\/\/api.w.org\/{rel}","templated":true}]}}