{"id":20337,"date":"2025-07-01T13:08:36","date_gmt":"2025-07-01T16:08:36","guid":{"rendered":"https:\/\/blogdodanielgalvao.com.br\/site\/?p=20337"},"modified":"2025-07-01T13:08:36","modified_gmt":"2025-07-01T16:08:36","slug":"expo-gospel-2025-retorna-com-forca-total-e-leva-musica-crista-a-praia-do-forte-neste-fim-de-semana","status":"publish","type":"post","link":"https:\/\/blogdodanielgalvao.com.br\/site\/expo-gospel-2025-retorna-com-forca-total-e-leva-musica-crista-a-praia-do-forte-neste-fim-de-semana\/","title":{"rendered":"Expo Gospel 2025 retorna com for\u00e7a total e leva m\u00fasica crist\u00e3 \u00e0 Praia do Forte neste fim de semana"},"content":{"rendered":"<p>A Praia do Forte, em Cabo Frio, ser\u00e1 palco de um dos maiores eventos religiosos do ano: a Expo Gospel 2025. Ap\u00f3s sete anos sem edi\u00e7\u00f5es, o festival volta com nova energia e pela primeira vez ocupar\u00e1 a orla da praia, reunindo grandes atra\u00e7\u00f5es da m\u00fasica crist\u00e3 nacional e local, em dois dias de programa\u00e7\u00e3o gratuita e intensa.<\/p>\n<p>Organizado pela Catedral das Assembleias de Deus de Cabo Frio, com apoio da Prefeitura, o evento ser\u00e1 realizado nesta sexta (4) e s\u00e1bado (5). A expectativa \u00e9 de reunir aproximadamente 20 mil pessoas no primeiro dia e at\u00e9 50 mil no segundo, somando um p\u00fablico de 70 mil pessoas \u2014 o maior j\u00e1 registrado na hist\u00f3ria da Expo.<\/p>\n<p>Al\u00e9m das apresenta\u00e7\u00f5es musicais, o evento ter\u00e1 estrutura montada \u00e0 beira-mar com 14 tendas de diferentes igrejas evang\u00e9licas, onde ser\u00e3o comercializados alimentos e bebidas. Toda a renda ser\u00e1 revertida para projetos sociais e a\u00e7\u00f5es das igrejas locais. Pastores e l\u00edderes religiosos da cidade tamb\u00e9m estar\u00e3o presentes, conduzindo momentos de ora\u00e7\u00e3o e intercess\u00e3o pela cidade.<\/p>\n<p>O prefeito de Cabo Frio, Dr. Serginho, destacou a import\u00e2ncia do evento como s\u00edmbolo de uni\u00e3o e express\u00e3o de f\u00e9.<br \/>\n&#8220;A Expo Gospel est\u00e1 de volta em grande estilo, num dos pontos mais simb\u00f3licos da nossa cidade. Cabo Frio merece viver esse momento de louvor e comunh\u00e3o. Sem d\u00favidas, \u00e9 o maior evento gospel que j\u00e1 recebemos&#8221;, afirmou.<\/p>\n<p>Para o pastor Samuel Gon\u00e7alves, coordenador da organiza\u00e7\u00e3o, a proposta vai al\u00e9m do entretenimento:<br \/>\n&#8220;A Expo \u00e9 um chamado \u00e0 comunh\u00e3o. \u00c9 evangelismo, \u00e9 miss\u00e3o, \u00e9 cuidado com a cidade. Estamos preparando tudo com muito carinho para que todos se sintam acolhidos e vivam momentos inesquec\u00edveis com Deus&#8221;, disse.<\/p>\n<p>J\u00e1 o cantor Livingston Farias, que integra a comiss\u00e3o organizadora, ressaltou o alcance social do evento:<br \/>\n&#8220;Levar a Expo Gospel para a Praia do Forte \u00e9 abrir espa\u00e7o para que mais pessoas experimentem f\u00e9, esperan\u00e7a e unidade. Vai ser muito mais do que m\u00fasica. \u00c9 uma experi\u00eancia espiritual e comunit\u00e1ria.&#8221;<\/p>\n<p>A programa\u00e7\u00e3o come\u00e7a nos dois dias a partir das 18h. O DJ Matheus Sherman abre as noites com set de m\u00fasica eletr\u00f4nica gospel. Na sexta (4), sobem ao palco Felipe Guevel e Evelyn Vit\u00f3ria (20h), Ton Carfi (21h) e a banda Novo Som (22h30). No s\u00e1bado (5), o p\u00fablico confere as apresenta\u00e7\u00f5es de Raquel Garcia, Dammy Campos e \u00c9der Godoy (Louvor de Rua) \u00e0s 20h, seguidos por Maria Pita (20h30), Marcos Salles (21h30) e o encerramento com T\u00e9o Rubia \u00e0s 22h30.<\/p>\n<p>*Programa\u00e7\u00e3o*<\/p>\n<p>Expo Gospel 2025 \u2013 Praia do Forte, Cabo Frio<br \/>\nEntrada gratuita<\/p>\n<p>*Sexta-feira (04\/07)*<br \/>\n18h30 \u2013 DJ Matheus Sherman<br \/>\n20h \u2013 Felipe Guevel e Evelyn Vit\u00f3ria<br \/>\n21h \u2013 Ton Carfi<br \/>\n22h30 \u2013 Novo Som<\/p>\n<p>*S\u00e1bado (05\/07)*<br \/>\n18h30 \u2013 DJ Matheus Sherman<br \/>\n20h \u2013 Raquel Garcia, Dammy Campos e \u00c9der Godoy (Louvor de Rua)<br \/>\n20h30 \u2013 Maria Pita<br \/>\n21h30 \u2013 Marcos Salles<br \/>\n22h30 \u2013 T\u00e9o Rubia<\/p>\n<p>Mais informa\u00e7\u00f5es: [noticias.cabofrio.rj.gov.br](https:\/\/noticias.cabofrio.rj.gov.br\/expo-gospel-2025-marca-retorno-historico-nas-areias-da-praia-do-forte-neste-fim-de-semana\/)<\/p>\n","protected":false},"excerpt":{"rendered":"<p>A Praia do Forte, em Cabo Frio, ser\u00e1 palco de um dos maiores eventos religiosos do ano: a Expo Gospel 2025. Ap\u00f3s sete anos sem edi\u00e7\u00f5es, o festival volta com nova energia e pela primeira vez ocupar\u00e1 a orla da praia, reunindo grandes atra\u00e7\u00f5es da m\u00fasica crist\u00e3 nacional e local, em dois dias de programa\u00e7\u00e3o [&hellip;]<\/p>\n","protected":false},"author":2,"featured_media":20338,"comment_status":"open","ping_status":"open","sticky":true,"template":"","format":"standard","meta":{"footnotes":""},"categories":[340],"tags":[2883],"class_list":["post-20337","post","type-post","status-publish","format-standard","has-post-thumbnail","hentry","category-cabo-frio","tag-expo-gospel-2025-retorna-com-forca-total-e-leva-musica-crista-a-praia-do-forte-neste-fim-de-semana"],"_links":{"self":[{"href":"https:\/\/blogdodanielgalvao.com.br\/site\/wp-json\/wp\/v2\/posts\/20337","targetHints":{"allow":["GET"]}}],"collection":[{"href":"https:\/\/blogdodanielgalvao.com.br\/site\/wp-json\/wp\/v2\/posts"}],"about":[{"href":"https:\/\/blogdodanielgalvao.com.br\/site\/wp-json\/wp\/v2\/types\/post"}],"author":[{"embeddable":true,"href":"https:\/\/blogdodanielgalvao.com.br\/site\/wp-json\/wp\/v2\/users\/2"}],"replies":[{"embeddable":true,"href":"https:\/\/blogdodanielgalvao.com.br\/site\/wp-json\/wp\/v2\/comments?post=20337"}],"version-history":[{"count":1,"href":"https:\/\/blogdodanielgalvao.com.br\/site\/wp-json\/wp\/v2\/posts\/20337\/revisions"}],"predecessor-version":[{"id":20339,"href":"https:\/\/blogdodanielgalvao.com.br\/site\/wp-json\/wp\/v2\/posts\/20337\/revisions\/20339"}],"wp:featuredmedia":[{"embeddable":true,"href":"https:\/\/blogdodanielgalvao.com.br\/site\/wp-json\/wp\/v2\/media\/20338"}],"wp:attachment":[{"href":"https:\/\/blogdodanielgalvao.com.br\/site\/wp-json\/wp\/v2\/media?parent=20337"}],"wp:term":[{"taxonomy":"category","embeddable":true,"href":"https:\/\/blogdodanielgalvao.com.br\/site\/wp-json\/wp\/v2\/categories?post=20337"},{"taxonomy":"post_tag","embeddable":true,"href":"https:\/\/blogdodanielgalvao.com.br\/site\/wp-json\/wp\/v2\/tags?post=20337"}],"curies":[{"name":"wp","href":"https:\/\/api.w.org\/{rel}","templated":true}]}}