{"id":20334,"date":"2025-07-01T12:38:43","date_gmt":"2025-07-01T15:38:43","guid":{"rendered":"https:\/\/blogdodanielgalvao.com.br\/site\/?p=20334"},"modified":"2025-07-01T12:38:43","modified_gmt":"2025-07-01T15:38:43","slug":"em-macae-homem-e-detido-apos-fazer-ameacas-de-morte-a-mae","status":"publish","type":"post","link":"https:\/\/blogdodanielgalvao.com.br\/site\/em-macae-homem-e-detido-apos-fazer-ameacas-de-morte-a-mae\/","title":{"rendered":"Em Maca\u00e9, homem \u00e9 detido ap\u00f3s fazer amea\u00e7as de morte \u00e0 m\u00e3e"},"content":{"rendered":"<p>Um homem foi preso em Maca\u00e9 na tarde da \u00faltima segunda-feira (30) ap\u00f3s amea\u00e7ar de morte a pr\u00f3pria m\u00e3e. O acusado tem 38 anos e foi denunciado por uma irm\u00e3, que teria presenciado as amea\u00e7as. A a\u00e7\u00e3o de captura foi coordenada pelo delegado Dr. Pedro Em\u00edlio.<\/p>\n<p>De acordo com o depoimento da irm\u00e3, o acusado apresentava uma s\u00e9rie de comportamentos agressivos contra a m\u00e3e. Ela afirmou tamb\u00e9m que a rela\u00e7\u00e3o dele com a m\u00e3e nunca foi harmoniosa, especialmente devido ao consumo excessivo de \u00e1lcool da parte dele.<\/p>\n<p>A pol\u00edcia informou que o homem recebeu uma intima\u00e7\u00e3o na tarde da \u00faltima segunda-feira, momento este que o mesmo teria afirmado que mataria a m\u00e3e caso ela registrasse a den\u00fancia. O acusado ainda teria enviado mensagens para a fam\u00edlia afirmando que eles iriam ver a m\u00e3e em um caix\u00e3o.<\/p>\n<p>Com base nessas informa\u00e7\u00f5es, a Pol\u00edcia Civil deu in\u00edcio \u00e0s buscas pelo acusado. Ele foi localizado e detido no bairro Imbetiba.<\/p>\n","protected":false},"excerpt":{"rendered":"<p>Um homem foi preso em Maca\u00e9 na tarde da \u00faltima segunda-feira (30) ap\u00f3s amea\u00e7ar de morte a pr\u00f3pria m\u00e3e. O acusado tem 38 anos e foi denunciado por uma irm\u00e3, que teria presenciado as amea\u00e7as. A a\u00e7\u00e3o de captura foi coordenada pelo delegado Dr. Pedro Em\u00edlio. De acordo com o depoimento da irm\u00e3, o acusado [&hellip;]<\/p>\n","protected":false},"author":2,"featured_media":20335,"comment_status":"open","ping_status":"open","sticky":true,"template":"","format":"standard","meta":{"footnotes":""},"categories":[1899],"tags":[494],"class_list":["post-20334","post","type-post","status-publish","format-standard","has-post-thumbnail","hentry","category-policia","tag-policia"],"_links":{"self":[{"href":"https:\/\/blogdodanielgalvao.com.br\/site\/wp-json\/wp\/v2\/posts\/20334","targetHints":{"allow":["GET"]}}],"collection":[{"href":"https:\/\/blogdodanielgalvao.com.br\/site\/wp-json\/wp\/v2\/posts"}],"about":[{"href":"https:\/\/blogdodanielgalvao.com.br\/site\/wp-json\/wp\/v2\/types\/post"}],"author":[{"embeddable":true,"href":"https:\/\/blogdodanielgalvao.com.br\/site\/wp-json\/wp\/v2\/users\/2"}],"replies":[{"embeddable":true,"href":"https:\/\/blogdodanielgalvao.com.br\/site\/wp-json\/wp\/v2\/comments?post=20334"}],"version-history":[{"count":1,"href":"https:\/\/blogdodanielgalvao.com.br\/site\/wp-json\/wp\/v2\/posts\/20334\/revisions"}],"predecessor-version":[{"id":20336,"href":"https:\/\/blogdodanielgalvao.com.br\/site\/wp-json\/wp\/v2\/posts\/20334\/revisions\/20336"}],"wp:featuredmedia":[{"embeddable":true,"href":"https:\/\/blogdodanielgalvao.com.br\/site\/wp-json\/wp\/v2\/media\/20335"}],"wp:attachment":[{"href":"https:\/\/blogdodanielgalvao.com.br\/site\/wp-json\/wp\/v2\/media?parent=20334"}],"wp:term":[{"taxonomy":"category","embeddable":true,"href":"https:\/\/blogdodanielgalvao.com.br\/site\/wp-json\/wp\/v2\/categories?post=20334"},{"taxonomy":"post_tag","embeddable":true,"href":"https:\/\/blogdodanielgalvao.com.br\/site\/wp-json\/wp\/v2\/tags?post=20334"}],"curies":[{"name":"wp","href":"https:\/\/api.w.org\/{rel}","templated":true}]}}