{"id":20324,"date":"2025-07-01T11:39:12","date_gmt":"2025-07-01T14:39:12","guid":{"rendered":"https:\/\/blogdodanielgalvao.com.br\/site\/?p=20324"},"modified":"2025-07-01T11:41:10","modified_gmt":"2025-07-01T14:41:10","slug":"elba-ramalho-faz-show-gratuito-no-festival-sesc-de-inverno-em-barra-de-sao-joao","status":"publish","type":"post","link":"https:\/\/blogdodanielgalvao.com.br\/site\/elba-ramalho-faz-show-gratuito-no-festival-sesc-de-inverno-em-barra-de-sao-joao\/","title":{"rendered":"Elba Ramalho faz show gratuito no Festival Sesc de Inverno em Barra de S\u00e3o Jo\u00e3o"},"content":{"rendered":"<p>Realiza\u00e7\u00e3o do Servi\u00e7o Social do Com\u00e9rcio (Sesc), o Festival Sesc de Inverno 2025 come\u00e7ou a anunciar as primeiras atra\u00e7\u00f5es confirmadas na programa\u00e7\u00e3o do evento que acontece de 11 a 27 de julho em 25 localidades do Estado do Rio.<\/p>\n<p>Em Casimiro de Abreu, o evento contar\u00e1 com 2 locais de shows em 2 finais de semana diferentes, sendo um nos dias 12 e 13 de julho, na Beira Rio, em Barra de S\u00e3o Jo\u00e3o, e o outro nos dias 19 e 20 julho, na Pra\u00e7a Feliciano Sodr\u00e9, em Casimiro.<\/p>\n<p>Para os shows em Barra de S\u00e3o Jo\u00e3o, Sesc anunciou simplesmente Diogo Nogueira e Elba Ramalho, que agitar\u00e3o o fim de semana da localidade e da regi\u00e3o, como as atra\u00e7\u00f5es principais dos dias 12 e 13, respectivamente.<\/p>\n<p>Enquanto o sambista Diogo Nogueira foi confirmado para se apresentar no palco montado na Beira Rio a partir das 22h de s\u00e1bado, 12, a cantora Elba Ramalho subir\u00e1 ao palco a partir das 21h de domingo, 13.<\/p>\n<p>Segundo a programa\u00e7\u00e3o divulgada na p\u00e1gina oficial do evento, falta ainda confirma\u00e7\u00e3o das atra\u00e7\u00f5es que abrir\u00e3o os shows nos 2 dias, com previs\u00e3o de se apresentar a partir das 19h, tanto no s\u00e1bado quanto no domingo.<\/p>\n<p>J\u00e1 em Casimiro de Abreu, a \u00fanica atra\u00e7\u00e3o confirmada ser\u00e1 a cantora Marvvila, apontada como um dos maiores nomes da nova gera\u00e7\u00e3o do pagode nacional, e que deve trazer um pouco do trabalho que vem sendo apresentado em sua turn\u00ea \u201cA Pagodeira\u201d, que est\u00e1 viajando o Brasil.<\/p>\n<p>A cantora ser\u00e1 a grande atra\u00e7\u00e3o do domingo, 20, quando sobe ao palco a partir das 21h, enquanto as demais atra\u00e7\u00f5es, no s\u00e1bado, 19, \u00e0s 19h e \u00e0s 21h, ainda aguardam confirma\u00e7\u00e3o, assim como a atra\u00e7\u00e3o de abertura no domingo, \u00e0s 19h.<\/p>\n<p>Se os shows em Casimiro e Barra j\u00e1 come\u00e7am a agitar os moradores da regi\u00e3o, os f\u00e3s de Rio das Ostras ter\u00e3o que esperar um pouco mais para conhecer a programa\u00e7\u00e3o, que ainda n\u00e3o foi anunciada, mas que acontecer\u00e1 na Praia do Centro, no fim de semana dos dias 26 e 27 de julho.<\/p>\n","protected":false},"excerpt":{"rendered":"<p>Realiza\u00e7\u00e3o do Servi\u00e7o Social do Com\u00e9rcio (Sesc), o Festival Sesc de Inverno 2025 come\u00e7ou a anunciar as primeiras atra\u00e7\u00f5es confirmadas na programa\u00e7\u00e3o do evento que acontece de 11 a 27 de julho em 25 localidades do Estado do Rio. Em Casimiro de Abreu, o evento contar\u00e1 com 2 locais de shows em 2 finais de [&hellip;]<\/p>\n","protected":false},"author":2,"featured_media":20325,"comment_status":"open","ping_status":"open","sticky":true,"template":"","format":"standard","meta":{"footnotes":""},"categories":[2331],"tags":[2882],"class_list":["post-20324","post","type-post","status-publish","format-standard","has-post-thumbnail","hentry","category-cultura","tag-elba-ramalho"],"_links":{"self":[{"href":"https:\/\/blogdodanielgalvao.com.br\/site\/wp-json\/wp\/v2\/posts\/20324","targetHints":{"allow":["GET"]}}],"collection":[{"href":"https:\/\/blogdodanielgalvao.com.br\/site\/wp-json\/wp\/v2\/posts"}],"about":[{"href":"https:\/\/blogdodanielgalvao.com.br\/site\/wp-json\/wp\/v2\/types\/post"}],"author":[{"embeddable":true,"href":"https:\/\/blogdodanielgalvao.com.br\/site\/wp-json\/wp\/v2\/users\/2"}],"replies":[{"embeddable":true,"href":"https:\/\/blogdodanielgalvao.com.br\/site\/wp-json\/wp\/v2\/comments?post=20324"}],"version-history":[{"count":1,"href":"https:\/\/blogdodanielgalvao.com.br\/site\/wp-json\/wp\/v2\/posts\/20324\/revisions"}],"predecessor-version":[{"id":20326,"href":"https:\/\/blogdodanielgalvao.com.br\/site\/wp-json\/wp\/v2\/posts\/20324\/revisions\/20326"}],"wp:featuredmedia":[{"embeddable":true,"href":"https:\/\/blogdodanielgalvao.com.br\/site\/wp-json\/wp\/v2\/media\/20325"}],"wp:attachment":[{"href":"https:\/\/blogdodanielgalvao.com.br\/site\/wp-json\/wp\/v2\/media?parent=20324"}],"wp:term":[{"taxonomy":"category","embeddable":true,"href":"https:\/\/blogdodanielgalvao.com.br\/site\/wp-json\/wp\/v2\/categories?post=20324"},{"taxonomy":"post_tag","embeddable":true,"href":"https:\/\/blogdodanielgalvao.com.br\/site\/wp-json\/wp\/v2\/tags?post=20324"}],"curies":[{"name":"wp","href":"https:\/\/api.w.org\/{rel}","templated":true}]}}