{"id":20318,"date":"2025-06-30T16:53:42","date_gmt":"2025-06-30T19:53:42","guid":{"rendered":"https:\/\/blogdodanielgalvao.com.br\/site\/?p=20318"},"modified":"2025-06-30T16:53:42","modified_gmt":"2025-06-30T19:53:42","slug":"pacientes-com-diabetes-devem-se-recadastrar-em-novo-sistema-municipal-de-cabo-frio","status":"publish","type":"post","link":"https:\/\/blogdodanielgalvao.com.br\/site\/pacientes-com-diabetes-devem-se-recadastrar-em-novo-sistema-municipal-de-cabo-frio\/","title":{"rendered":"Pacientes com Diabetes devem se recadastrar em novo sistema municipal de Cabo Frio"},"content":{"rendered":"<p>A Prefeitura de Cabo Frio inicia nesta segunda-feira (30) uma nova fase do programa municipal \u201cViver + Diabetes\u201d, voltado ao atendimento de pacientes com diagn\u00f3stico de Diabetes Mellitus. A a\u00e7\u00e3o marca uma reestrutura\u00e7\u00e3o completa da iniciativa, que passa a operar com uma plataforma informatizada e amplia\u00e7\u00e3o de polos de atendimento, al\u00e9m da exig\u00eancia de recadastramento obrigat\u00f3rio para todos os usu\u00e1rios \u2014 inclusive os que j\u00e1 estavam inseridos no programa.<\/p>\n<p>A atualiza\u00e7\u00e3o cadastral dever\u00e1 ser feita presencialmente nas unidades de sa\u00fade do munic\u00edpio. Os interessados passar\u00e3o por triagem com um cl\u00ednico geral, respons\u00e1vel por avaliar os crit\u00e9rios de inclus\u00e3o e encaminhar os pacientes ao programa. \u00c9 necess\u00e1rio apresentar c\u00f3pias do RG, CPF, Cart\u00e3o SUS e comprovante de resid\u00eancia.<\/p>\n<p>&nbsp;<\/p>\n<p><strong>Crit\u00e9rios de inclus\u00e3o no programa:<\/strong><\/p>\n<p>* Residir em Cabo Frio;<\/p>\n<p>* Ser portador de Diabetes Mellitus tipo 1 (adulto) ou tipo 2 em uso de insulina (m\u00ednimo duas vezes ao dia);<\/p>\n<p>* Uso de tr\u00eas ou mais medicamentos hipoglicemiantes orais;<\/p>\n<p>* Hemoglobina Glicada superior a 8%, mesmo com insulina;<\/p>\n<p>* Pacientes com insufici\u00eancia renal cr\u00f4nica (clearance de creatinina &lt; 30mL\/min).<\/p>\n<p>&nbsp;<\/p>\n<p>De acordo com a Secretaria de Sa\u00fade, a reestrutura\u00e7\u00e3o foi motivada pela inconsist\u00eancia dos registros anteriores. Estima-se que, dos mais de 3 mil pacientes cadastrados, apenas metade recebia regularmente os insumos e acompanhamento. A nova base digital permitir\u00e1 um controle mais eficiente do fornecimento de medicamentos e da evolu\u00e7\u00e3o cl\u00ednica dos assistidos.<\/p>\n<p>Outra mudan\u00e7a importante \u00e9 a descentraliza\u00e7\u00e3o da distribui\u00e7\u00e3o de insumos, antes concentrada no Centro de Atendimento ao Diab\u00e9tico e Hipertenso (CADHI). Agora, os materiais ser\u00e3o entregues em tr\u00eas locais: Farm\u00e1cia B\u00e1sica Municipal (Centro), Hospital Otime Cardoso dos Santos (Jardim Esperan\u00e7a) e CEAD (Tamoios).<\/p>\n<p>O n\u00famero de vagas tamb\u00e9m foi ampliado via Central Municipal de Regula\u00e7\u00e3o, possibilitando maior cobertura e agilidade no atendimento.<\/p>\n<p>&nbsp;<\/p>\n<p><strong>Atividades de lan\u00e7amento destacam cuidados com a sa\u00fade<\/strong><\/p>\n<p>Para marcar o relan\u00e7amento do programa, a Prefeitura realizou no \u00faltimo s\u00e1bado (28) duas a\u00e7\u00f5es simult\u00e2neas com foco na conscientiza\u00e7\u00e3o e preven\u00e7\u00e3o. Pela manh\u00e3, uma caminhada na Praia do Forte reuniu mais de 200 pessoas, com servi\u00e7os de aferi\u00e7\u00e3o de glicemia e press\u00e3o arterial, al\u00e9m de orienta\u00e7\u00f5es com nutricionistas e enfermeiros.<\/p>\n<p>J\u00e1 \u00e0 tarde, foi a vez da Pra\u00e7a de Unamar, em Tamoios, receber a equipe de sa\u00fade com os mesmos atendimentos, acrescidos da participa\u00e7\u00e3o de farmac\u00eauticos explicando o uso correto da insulina. Os participantes receberam um cart\u00e3o com os dados aferidos no momento para acompanhamento cont\u00ednuo de sua sa\u00fade.<\/p>\n<p>O prefeito Dr. Serginho esteve presente no evento e destacou a import\u00e2ncia da reformula\u00e7\u00e3o do programa como pol\u00edtica p\u00fablica de acesso e equidade.<\/p>\n<p>\u2014 Estamos dando um salto importante no cuidado com os nossos pacientes. Com essa nova fase, ampliamos o alcance do atendimento e garantimos dignidade, qualidade de vida e acesso \u00e0 sa\u00fade para todos \u2014 afirmou.<\/p>\n<p>A secret\u00e1ria municipal de Sa\u00fade, Beatriz Trindade, tamb\u00e9m celebrou a nova etapa do projeto:<\/p>\n<p>\u2014 O Diabetes exige acompanhamento constante, e nosso compromisso \u00e9 com um cuidado integral e acess\u00edvel. O Viver + Diabetes agora se moderniza para atender melhor quem mais precisa\u00a0\u2014\u00a0concluiu.<\/p>\n","protected":false},"excerpt":{"rendered":"<p>A Prefeitura de Cabo Frio inicia nesta segunda-feira (30) uma nova fase do programa municipal \u201cViver + Diabetes\u201d, voltado ao atendimento de pacientes com diagn\u00f3stico de Diabetes Mellitus. A a\u00e7\u00e3o marca uma reestrutura\u00e7\u00e3o completa da iniciativa, que passa a operar com uma plataforma informatizada e amplia\u00e7\u00e3o de polos de atendimento, al\u00e9m da exig\u00eancia de recadastramento [&hellip;]<\/p>\n","protected":false},"author":2,"featured_media":20319,"comment_status":"open","ping_status":"open","sticky":true,"template":"","format":"standard","meta":{"footnotes":""},"categories":[340],"tags":[1896],"class_list":["post-20318","post","type-post","status-publish","format-standard","has-post-thumbnail","hentry","category-cabo-frio","tag-destaque"],"_links":{"self":[{"href":"https:\/\/blogdodanielgalvao.com.br\/site\/wp-json\/wp\/v2\/posts\/20318","targetHints":{"allow":["GET"]}}],"collection":[{"href":"https:\/\/blogdodanielgalvao.com.br\/site\/wp-json\/wp\/v2\/posts"}],"about":[{"href":"https:\/\/blogdodanielgalvao.com.br\/site\/wp-json\/wp\/v2\/types\/post"}],"author":[{"embeddable":true,"href":"https:\/\/blogdodanielgalvao.com.br\/site\/wp-json\/wp\/v2\/users\/2"}],"replies":[{"embeddable":true,"href":"https:\/\/blogdodanielgalvao.com.br\/site\/wp-json\/wp\/v2\/comments?post=20318"}],"version-history":[{"count":1,"href":"https:\/\/blogdodanielgalvao.com.br\/site\/wp-json\/wp\/v2\/posts\/20318\/revisions"}],"predecessor-version":[{"id":20320,"href":"https:\/\/blogdodanielgalvao.com.br\/site\/wp-json\/wp\/v2\/posts\/20318\/revisions\/20320"}],"wp:featuredmedia":[{"embeddable":true,"href":"https:\/\/blogdodanielgalvao.com.br\/site\/wp-json\/wp\/v2\/media\/20319"}],"wp:attachment":[{"href":"https:\/\/blogdodanielgalvao.com.br\/site\/wp-json\/wp\/v2\/media?parent=20318"}],"wp:term":[{"taxonomy":"category","embeddable":true,"href":"https:\/\/blogdodanielgalvao.com.br\/site\/wp-json\/wp\/v2\/categories?post=20318"},{"taxonomy":"post_tag","embeddable":true,"href":"https:\/\/blogdodanielgalvao.com.br\/site\/wp-json\/wp\/v2\/tags?post=20318"}],"curies":[{"name":"wp","href":"https:\/\/api.w.org\/{rel}","templated":true}]}}