{"id":20312,"date":"2025-06-30T16:26:43","date_gmt":"2025-06-30T19:26:43","guid":{"rendered":"https:\/\/blogdodanielgalvao.com.br\/site\/?p=20312"},"modified":"2025-06-30T16:26:43","modified_gmt":"2025-06-30T19:26:43","slug":"aulas-de-informatica-para-a-melhor-idade-tem-inscricoes-abertas-em-arraial-do-cabo","status":"publish","type":"post","link":"https:\/\/blogdodanielgalvao.com.br\/site\/aulas-de-informatica-para-a-melhor-idade-tem-inscricoes-abertas-em-arraial-do-cabo\/","title":{"rendered":"Aulas de inform\u00e1tica para a Melhor Idade t\u00eam inscri\u00e7\u00f5es abertas em Arraial do Cabo"},"content":{"rendered":"<p>A Prefeitura de Arraial do Cabo est\u00e1 com inscri\u00e7\u00f5es abertas para o curso gratuito de inform\u00e1tica destinado a pessoas com 50 anos ou mais. A capacita\u00e7\u00e3o ser\u00e1 realizada no Centro Educacional e Cultural Manoel Camargo e tem como objetivo promover a inclus\u00e3o digital da popula\u00e7\u00e3o da Melhor Idade, por meio de aulas pr\u00e1ticas e adaptadas ao ritmo desse p\u00fablico.<\/p>\n<p>As inscri\u00e7\u00f5es devem ser feitas presencialmente na Subsecretaria de Cultura, localizada no pr\u00f3prio Centro Cultural, de segunda a sexta-feira, das 9h \u00e0s 17h. Para garantir a vaga, \u00e9 necess\u00e1rio apresentar documento de identidade (RG), CPF e comprovante de resid\u00eancia. As vagas s\u00e3o limitadas, e todos os participantes receber\u00e3o certificado ao final do curso.<\/p>\n<p>A metodologia foi especialmente desenvolvida para facilitar o aprendizado de quem busca iniciar ou aprimorar o uso das tecnologias digitais. Entre os conte\u00fados abordados est\u00e3o: navega\u00e7\u00e3o segura na internet, uso de aplicativos no celular, ferramentas do sistema operacional Windows, pacote Office e plataformas digitais essenciais para o cotidiano.<\/p>\n<p>Um dos temas de destaque do curso ser\u00e1 o combate \u00e0s fake news. Os alunos aprender\u00e3o t\u00e9cnicas para identificar conte\u00fados duvidosos, verificar fontes e evitar o compartilhamento de informa\u00e7\u00f5es falsas \u2014 uma habilidade cada vez mais necess\u00e1ria no cen\u00e1rio atual.<\/p>\n<p>As aulas acontecer\u00e3o sempre \u00e0s quintas-feiras, das 9h \u00e0s 10h20, no pr\u00f3prio Centro Educacional e Cultural Manoel Camargo.<\/p>\n<p>Com essa iniciativa, o munic\u00edpio refor\u00e7a o compromisso com a inclus\u00e3o digital e o envelhecimento ativo\u00a0da\u00a0popula\u00e7\u00e3o.<\/p>\n","protected":false},"excerpt":{"rendered":"<p>A Prefeitura de Arraial do Cabo est\u00e1 com inscri\u00e7\u00f5es abertas para o curso gratuito de inform\u00e1tica destinado a pessoas com 50 anos ou mais. A capacita\u00e7\u00e3o ser\u00e1 realizada no Centro Educacional e Cultural Manoel Camargo e tem como objetivo promover a inclus\u00e3o digital da popula\u00e7\u00e3o da Melhor Idade, por meio de aulas pr\u00e1ticas e adaptadas [&hellip;]<\/p>\n","protected":false},"author":2,"featured_media":20313,"comment_status":"open","ping_status":"open","sticky":true,"template":"","format":"standard","meta":{"footnotes":""},"categories":[838],"tags":[1896],"class_list":["post-20312","post","type-post","status-publish","format-standard","has-post-thumbnail","hentry","category-arraial-do-cabo","tag-destaque"],"_links":{"self":[{"href":"https:\/\/blogdodanielgalvao.com.br\/site\/wp-json\/wp\/v2\/posts\/20312","targetHints":{"allow":["GET"]}}],"collection":[{"href":"https:\/\/blogdodanielgalvao.com.br\/site\/wp-json\/wp\/v2\/posts"}],"about":[{"href":"https:\/\/blogdodanielgalvao.com.br\/site\/wp-json\/wp\/v2\/types\/post"}],"author":[{"embeddable":true,"href":"https:\/\/blogdodanielgalvao.com.br\/site\/wp-json\/wp\/v2\/users\/2"}],"replies":[{"embeddable":true,"href":"https:\/\/blogdodanielgalvao.com.br\/site\/wp-json\/wp\/v2\/comments?post=20312"}],"version-history":[{"count":1,"href":"https:\/\/blogdodanielgalvao.com.br\/site\/wp-json\/wp\/v2\/posts\/20312\/revisions"}],"predecessor-version":[{"id":20314,"href":"https:\/\/blogdodanielgalvao.com.br\/site\/wp-json\/wp\/v2\/posts\/20312\/revisions\/20314"}],"wp:featuredmedia":[{"embeddable":true,"href":"https:\/\/blogdodanielgalvao.com.br\/site\/wp-json\/wp\/v2\/media\/20313"}],"wp:attachment":[{"href":"https:\/\/blogdodanielgalvao.com.br\/site\/wp-json\/wp\/v2\/media?parent=20312"}],"wp:term":[{"taxonomy":"category","embeddable":true,"href":"https:\/\/blogdodanielgalvao.com.br\/site\/wp-json\/wp\/v2\/categories?post=20312"},{"taxonomy":"post_tag","embeddable":true,"href":"https:\/\/blogdodanielgalvao.com.br\/site\/wp-json\/wp\/v2\/tags?post=20312"}],"curies":[{"name":"wp","href":"https:\/\/api.w.org\/{rel}","templated":true}]}}