{"id":20269,"date":"2025-06-30T11:53:45","date_gmt":"2025-06-30T14:53:45","guid":{"rendered":"https:\/\/blogdodanielgalvao.com.br\/site\/?p=20269"},"modified":"2025-06-30T11:53:45","modified_gmt":"2025-06-30T14:53:45","slug":"festival-do-camarao-promete-pratos-a-partir-de-r35-e-musica-ao-vivo-no-evento-em-cabo-frio","status":"publish","type":"post","link":"https:\/\/blogdodanielgalvao.com.br\/site\/festival-do-camarao-promete-pratos-a-partir-de-r35-e-musica-ao-vivo-no-evento-em-cabo-frio\/","title":{"rendered":"Festival do Camar\u00e3o promete pratos a partir de R$35 e m\u00fasica ao vivo no evento em Cabo Frio"},"content":{"rendered":"<p>Entre os dias 3 e 6 de julho, a Praia do Siqueira, em Cabo Frio, ser\u00e1 novamente palco de um dos eventos mais queridos do calend\u00e1rio local: o Festival do Camar\u00e3o. Combinando sabores marcantes da culin\u00e1ria cai\u00e7ara e apresenta\u00e7\u00f5es musicais ao vivo, o festival chega \u00e0 sua nova edi\u00e7\u00e3o com uma programa\u00e7\u00e3o estendida de quatro dias.<\/p>\n<p>O evento tem in\u00edcio nesta quinta-feira (3), com abertura das barracas prevista para 18h e shows a partir das 19h. A primeira noite ter\u00e1 as apresenta\u00e7\u00f5es do grupo Pagodeando e, logo depois, de L\u00e9o Parazi.<\/p>\n<p>Ao longo dos dias, o p\u00fablico poder\u00e1 saborear pratos \u00e0 base de camar\u00e3o, servidos ao pre\u00e7o fixo de R$35 cada. A venda das refei\u00e7\u00f5es come\u00e7a sempre ao meio-dia, com exce\u00e7\u00e3o da abertura, que ocorre \u00e0 noite. A estrutura do festival contar\u00e1 com barracas de gastronomia e palco para os shows.<\/p>\n<p>Na sexta-feira (4), a programa\u00e7\u00e3o musical come\u00e7a mais cedo. Rubinho se apresenta \u00e0s 16h, seguido por M\u00e1rcio Freitas \u00e0s 19h e Felipe Secco \u00e0s 21h. No s\u00e1bado (5), a m\u00fasica ganha protagonismo com vozes femininas: Juliana Feliciano sobe ao palco \u00e0s 16h, seguida por Michele Rosa \u00e0s 19h e Bruna Reis encerrando a noite \u00e0s 21h.<\/p>\n<p>O domingo (6) marca o encerramento do festival, com atividades a partir do meio-dia. \u00c0s 16h, Azul Puro Azul abre as apresenta\u00e7\u00f5es. Depois, o grupo \u00cdbis 7 assume o palco \u00e0s 19h, e a cantora Raylane Mendes finaliza o evento com show \u00e0s 21h.<\/p>\n<p>O prefeito Dr. Serginho destacou a relev\u00e2ncia cultural e econ\u00f4mica da festividade para a cidade.<\/p>\n<p>\u201cO Festival do Camar\u00e3o \u00e9 mais que um evento gastron\u00f4mico. Ele representa a for\u00e7a da tradi\u00e7\u00e3o pesqueira da Praia do Siqueira, movimenta a economia local e proporciona uma experi\u00eancia de lazer completa para a popula\u00e7\u00e3o e os visitantes\u201d, afirmou.<\/p>\n<p>Organizado pela Prefeitura de Cabo Frio, o festival \u00e9 uma aposta no fortalecimento do turismo gastron\u00f4mico e da valoriza\u00e7\u00e3o das ra\u00edzes locais, unindo cultura, culin\u00e1ria e entretenimento em\u00a0um\u00a0s\u00f3\u00a0espa\u00e7o.<\/p>\n","protected":false},"excerpt":{"rendered":"<p>Entre os dias 3 e 6 de julho, a Praia do Siqueira, em Cabo Frio, ser\u00e1 novamente palco de um dos eventos mais queridos do calend\u00e1rio local: o Festival do Camar\u00e3o. Combinando sabores marcantes da culin\u00e1ria cai\u00e7ara e apresenta\u00e7\u00f5es musicais ao vivo, o festival chega \u00e0 sua nova edi\u00e7\u00e3o com uma programa\u00e7\u00e3o estendida de quatro [&hellip;]<\/p>\n","protected":false},"author":2,"featured_media":20270,"comment_status":"open","ping_status":"open","sticky":true,"template":"","format":"standard","meta":{"footnotes":""},"categories":[340],"tags":[1896],"class_list":["post-20269","post","type-post","status-publish","format-standard","has-post-thumbnail","hentry","category-cabo-frio","tag-destaque"],"_links":{"self":[{"href":"https:\/\/blogdodanielgalvao.com.br\/site\/wp-json\/wp\/v2\/posts\/20269","targetHints":{"allow":["GET"]}}],"collection":[{"href":"https:\/\/blogdodanielgalvao.com.br\/site\/wp-json\/wp\/v2\/posts"}],"about":[{"href":"https:\/\/blogdodanielgalvao.com.br\/site\/wp-json\/wp\/v2\/types\/post"}],"author":[{"embeddable":true,"href":"https:\/\/blogdodanielgalvao.com.br\/site\/wp-json\/wp\/v2\/users\/2"}],"replies":[{"embeddable":true,"href":"https:\/\/blogdodanielgalvao.com.br\/site\/wp-json\/wp\/v2\/comments?post=20269"}],"version-history":[{"count":1,"href":"https:\/\/blogdodanielgalvao.com.br\/site\/wp-json\/wp\/v2\/posts\/20269\/revisions"}],"predecessor-version":[{"id":20271,"href":"https:\/\/blogdodanielgalvao.com.br\/site\/wp-json\/wp\/v2\/posts\/20269\/revisions\/20271"}],"wp:featuredmedia":[{"embeddable":true,"href":"https:\/\/blogdodanielgalvao.com.br\/site\/wp-json\/wp\/v2\/media\/20270"}],"wp:attachment":[{"href":"https:\/\/blogdodanielgalvao.com.br\/site\/wp-json\/wp\/v2\/media?parent=20269"}],"wp:term":[{"taxonomy":"category","embeddable":true,"href":"https:\/\/blogdodanielgalvao.com.br\/site\/wp-json\/wp\/v2\/categories?post=20269"},{"taxonomy":"post_tag","embeddable":true,"href":"https:\/\/blogdodanielgalvao.com.br\/site\/wp-json\/wp\/v2\/tags?post=20269"}],"curies":[{"name":"wp","href":"https:\/\/api.w.org\/{rel}","templated":true}]}}