{"id":20257,"date":"2025-06-29T08:32:04","date_gmt":"2025-06-29T11:32:04","guid":{"rendered":"https:\/\/blogdodanielgalvao.com.br\/site\/?p=20257"},"modified":"2025-06-28T10:55:50","modified_gmt":"2025-06-28T13:55:50","slug":"casamento-civil-gratuito-chega-a-cabo-frio-com-mutirao-de-cidadania-em-unamar","status":"publish","type":"post","link":"https:\/\/blogdodanielgalvao.com.br\/site\/casamento-civil-gratuito-chega-a-cabo-frio-com-mutirao-de-cidadania-em-unamar\/","title":{"rendered":"Casamento civil gratuito chega a Cabo Frio com mutir\u00e3o de cidadania em Unamar"},"content":{"rendered":"<p>Cabo Frio ser\u00e1 um dos munic\u00edpios contemplados com a nova edi\u00e7\u00e3o do programa RJ + Casamentos, que oferece o registro civil gratuito a casais em situa\u00e7\u00e3o de vulnerabilidade social. A a\u00e7\u00e3o acontece na pr\u00f3xima ter\u00e7a-feira (2), no Gin\u00e1sio Jo\u00e3o Augusto Teixeira e Silva, localizado em Unamar, segundo distrito da cidade. A cerim\u00f4nia oficial para os casais habilitados est\u00e1 prevista para ocorrer em setembro, no Pal\u00e1cio Guanabara, sede do Governo do Estado.<\/p>\n<p>O programa \u00e9 direcionado exclusivamente a casais que est\u00e3o devidamente cadastrados no Cad\u00danico e atendem aos crit\u00e9rios estabelecidos pela Pol\u00edtica Nacional de Assist\u00eancia Social (PNAS). Ao todo, 100 casais das cidades de Cabo Frio, Rio das Ostras e Maric\u00e1 ser\u00e3o contemplados nesta edi\u00e7\u00e3o itinerante do projeto, que busca ampliar o acesso ao direito civil b\u00e1sico: o casamento legalmente reconhecido.<\/p>\n<p>Durante o atendimento, os participantes n\u00e3o apenas formalizam a uni\u00e3o, mas tamb\u00e9m t\u00eam acesso a uma s\u00e9rie de servi\u00e7os essenciais e gratuitos, como emiss\u00e3o da primeira e segunda via da carteira de identidade, certid\u00f5es de nascimento, casamento e \u00f3bito.<\/p>\n<p>As inscri\u00e7\u00f5es devem ser feitas presencialmente, durante as a\u00e7\u00f5es do programa RJ para Todos. Para garantir a vaga, \u00e9 necess\u00e1rio apresentar certid\u00e3o de nascimento atualizada (emitida h\u00e1 no m\u00e1ximo seis meses), CPF, documento oficial com foto, comprovante de resid\u00eancia e de inscri\u00e7\u00e3o ativa no Cad\u00danico.<\/p>\n<p>Antes de chegar a Cabo Frio, a edi\u00e7\u00e3o do programa passar\u00e1 por Rio das Ostras, onde ser\u00e1 realizada na segunda-feira (1\u00ba), na Primeira Igreja Batista Cidade Praiana (Travessa Bel\u00e9m Tr\u00eas, n\u00ba 150). Em Maric\u00e1, a a\u00e7\u00e3o tamb\u00e9m ocorre na ter\u00e7a-feira (2), no Condom\u00ednio Carlos Alberto Soares (Minha Casa Minha Vida), localizado no Bosque Fundo.<\/p>\n<p>Com uma proposta voltada \u00e0 inclus\u00e3o e \u00e0 cidadania, o RJ + Casamentos transforma vidas ao permitir que casais regularizem sua uni\u00e3o com dignidade e sem custos \u2014 uma etapa fundamental para garantir direitos civis, estabilidade jur\u00eddica e reconhecimento social. Cabo Frio, mais uma vez, integra uma a\u00e7\u00e3o que une afeto, cidadania e pol\u00edticas\u00a0p\u00fablicas.<\/p>\n","protected":false},"excerpt":{"rendered":"<p>Cabo Frio ser\u00e1 um dos munic\u00edpios contemplados com a nova edi\u00e7\u00e3o do programa RJ + Casamentos, que oferece o registro civil gratuito a casais em situa\u00e7\u00e3o de vulnerabilidade social. A a\u00e7\u00e3o acontece na pr\u00f3xima ter\u00e7a-feira (2), no Gin\u00e1sio Jo\u00e3o Augusto Teixeira e Silva, localizado em Unamar, segundo distrito da cidade. A cerim\u00f4nia oficial para os [&hellip;]<\/p>\n","protected":false},"author":2,"featured_media":20258,"comment_status":"open","ping_status":"open","sticky":true,"template":"","format":"standard","meta":{"footnotes":""},"categories":[340],"tags":[1896],"class_list":["post-20257","post","type-post","status-publish","format-standard","has-post-thumbnail","hentry","category-cabo-frio","tag-destaque"],"_links":{"self":[{"href":"https:\/\/blogdodanielgalvao.com.br\/site\/wp-json\/wp\/v2\/posts\/20257","targetHints":{"allow":["GET"]}}],"collection":[{"href":"https:\/\/blogdodanielgalvao.com.br\/site\/wp-json\/wp\/v2\/posts"}],"about":[{"href":"https:\/\/blogdodanielgalvao.com.br\/site\/wp-json\/wp\/v2\/types\/post"}],"author":[{"embeddable":true,"href":"https:\/\/blogdodanielgalvao.com.br\/site\/wp-json\/wp\/v2\/users\/2"}],"replies":[{"embeddable":true,"href":"https:\/\/blogdodanielgalvao.com.br\/site\/wp-json\/wp\/v2\/comments?post=20257"}],"version-history":[{"count":1,"href":"https:\/\/blogdodanielgalvao.com.br\/site\/wp-json\/wp\/v2\/posts\/20257\/revisions"}],"predecessor-version":[{"id":20259,"href":"https:\/\/blogdodanielgalvao.com.br\/site\/wp-json\/wp\/v2\/posts\/20257\/revisions\/20259"}],"wp:featuredmedia":[{"embeddable":true,"href":"https:\/\/blogdodanielgalvao.com.br\/site\/wp-json\/wp\/v2\/media\/20258"}],"wp:attachment":[{"href":"https:\/\/blogdodanielgalvao.com.br\/site\/wp-json\/wp\/v2\/media?parent=20257"}],"wp:term":[{"taxonomy":"category","embeddable":true,"href":"https:\/\/blogdodanielgalvao.com.br\/site\/wp-json\/wp\/v2\/categories?post=20257"},{"taxonomy":"post_tag","embeddable":true,"href":"https:\/\/blogdodanielgalvao.com.br\/site\/wp-json\/wp\/v2\/tags?post=20257"}],"curies":[{"name":"wp","href":"https:\/\/api.w.org\/{rel}","templated":true}]}}