{"id":20254,"date":"2025-06-28T10:51:27","date_gmt":"2025-06-28T13:51:27","guid":{"rendered":"https:\/\/blogdodanielgalvao.com.br\/site\/?p=20254"},"modified":"2025-06-28T10:51:27","modified_gmt":"2025-06-28T13:51:27","slug":"festa-do-cinema-italiano-leva-producoes-premiadas-e-classicos-a-buzios","status":"publish","type":"post","link":"https:\/\/blogdodanielgalvao.com.br\/site\/festa-do-cinema-italiano-leva-producoes-premiadas-e-classicos-a-buzios\/","title":{"rendered":"Festa do Cinema Italiano leva produ\u00e7\u00f5es premiadas e cl\u00e1ssicos a B\u00fazios"},"content":{"rendered":"<p>Reafirmando o valor do Gran Cine Bardot como espa\u00e7o ativo de cultura e arte, B\u00fazios recebe at\u00e9 o dia 6 de julho a 8\u00bd Festa do Cinema Italiano, com sess\u00f5es gratuitas que destacam a produ\u00e7\u00e3o audiovisual italiana, tanto cl\u00e1ssica quanto contempor\u00e2nea. A proposta busca democratizar o acesso ao cinema europeu e ampliar o repert\u00f3rio cultural do p\u00fablico local e visitante, com uma sele\u00e7\u00e3o fora do eixo comercial tradicional.<\/p>\n<p>A mostra acontece no \u00fanico cinema de rua em funcionamento na cidade e oferece ao p\u00fablico 11 longas-metragens nos g\u00eaneros drama, com\u00e9dia, suspense e document\u00e1rio. Todos os filmes s\u00e3o exibidos em italiano, com legendas em portugu\u00eas, sempre \u00e0s 18h ou \u00e0s 20h, dependendo do dia. A entrada \u00e9 gratuita, limitada \u00e0 lota\u00e7\u00e3o da sala.<\/p>\n<p>A iniciativa \u00e9 promovida pelo projeto Festa do Cinema Italiano, com apoio do Consulado da It\u00e1lia e diversas institui\u00e7\u00f5es culturais. A curadoria aposta na valoriza\u00e7\u00e3o de novos talentos do cinema italiano, mas tamb\u00e9m reserva espa\u00e7o para a redescoberta de obras j\u00e1 consagradas \u2014 tudo com o objetivo de fomentar o contato com a cinematografia italiana contempor\u00e2nea e sua diversidade est\u00e9tica e tem\u00e1tica.<\/p>\n<p>A programa\u00e7\u00e3o come\u00e7ou na quarta-feira (26) com o document\u00e1rio Berlinguer \u2013 A Grande Ambi\u00e7\u00e3o. No dia seguinte, sexta (27), ser\u00e1 exibido O Barbeiro Conspiracionista, \u00e0s 20h. O s\u00e1bado (28) ter\u00e1 duas sess\u00f5es: Vermiglio \u2013 A Noiva da Montanha, \u00e0s 18h, seguido de O \u00daltimo Chef\u00e3o, \u00e0s 20h. No domingo (29), \u00e0s 19h, entra em cartaz o drama A Vida \u00e0 Parte.<\/p>\n<p>J\u00e1 na pr\u00f3xima semana, o p\u00fablico poder\u00e1 conferir Gloria! na quinta-feira (3), \u00e0s 19h; Dez Minutos na sexta (4), \u00e0s 20h; e uma dobradinha no s\u00e1bado (5): A Cauda do Diabo \u00e0s 18h e Felicita \u00e0s 20h. O encerramento da mostra acontece no domingo (6), com a exibi\u00e7\u00e3o do cl\u00e1ssico L\u00e1 Doce Vita, \u00e0s 19h.<\/p>\n<p>Com entrada franca e curadoria de excel\u00eancia, o evento convida todos os amantes da s\u00e9tima arte a mergulharem na riqueza do cinema italiano e confirma o protagonismo do Gran Cine Bardot como polo de resist\u00eancia cultural\u00a0em\u00a0B\u00fazios.<\/p>\n","protected":false},"excerpt":{"rendered":"<p>Reafirmando o valor do Gran Cine Bardot como espa\u00e7o ativo de cultura e arte, B\u00fazios recebe at\u00e9 o dia 6 de julho a 8\u00bd Festa do Cinema Italiano, com sess\u00f5es gratuitas que destacam a produ\u00e7\u00e3o audiovisual italiana, tanto cl\u00e1ssica quanto contempor\u00e2nea. A proposta busca democratizar o acesso ao cinema europeu e ampliar o repert\u00f3rio cultural [&hellip;]<\/p>\n","protected":false},"author":2,"featured_media":20255,"comment_status":"open","ping_status":"open","sticky":true,"template":"","format":"standard","meta":{"footnotes":""},"categories":[824],"tags":[1896],"class_list":["post-20254","post","type-post","status-publish","format-standard","has-post-thumbnail","hentry","category-buzios","tag-destaque"],"_links":{"self":[{"href":"https:\/\/blogdodanielgalvao.com.br\/site\/wp-json\/wp\/v2\/posts\/20254","targetHints":{"allow":["GET"]}}],"collection":[{"href":"https:\/\/blogdodanielgalvao.com.br\/site\/wp-json\/wp\/v2\/posts"}],"about":[{"href":"https:\/\/blogdodanielgalvao.com.br\/site\/wp-json\/wp\/v2\/types\/post"}],"author":[{"embeddable":true,"href":"https:\/\/blogdodanielgalvao.com.br\/site\/wp-json\/wp\/v2\/users\/2"}],"replies":[{"embeddable":true,"href":"https:\/\/blogdodanielgalvao.com.br\/site\/wp-json\/wp\/v2\/comments?post=20254"}],"version-history":[{"count":1,"href":"https:\/\/blogdodanielgalvao.com.br\/site\/wp-json\/wp\/v2\/posts\/20254\/revisions"}],"predecessor-version":[{"id":20256,"href":"https:\/\/blogdodanielgalvao.com.br\/site\/wp-json\/wp\/v2\/posts\/20254\/revisions\/20256"}],"wp:featuredmedia":[{"embeddable":true,"href":"https:\/\/blogdodanielgalvao.com.br\/site\/wp-json\/wp\/v2\/media\/20255"}],"wp:attachment":[{"href":"https:\/\/blogdodanielgalvao.com.br\/site\/wp-json\/wp\/v2\/media?parent=20254"}],"wp:term":[{"taxonomy":"category","embeddable":true,"href":"https:\/\/blogdodanielgalvao.com.br\/site\/wp-json\/wp\/v2\/categories?post=20254"},{"taxonomy":"post_tag","embeddable":true,"href":"https:\/\/blogdodanielgalvao.com.br\/site\/wp-json\/wp\/v2\/tags?post=20254"}],"curies":[{"name":"wp","href":"https:\/\/api.w.org\/{rel}","templated":true}]}}