{"id":20250,"date":"2025-06-28T08:00:28","date_gmt":"2025-06-28T11:00:28","guid":{"rendered":"https:\/\/blogdodanielgalvao.com.br\/site\/?p=20250"},"modified":"2025-06-27T17:25:39","modified_gmt":"2025-06-27T20:25:39","slug":"macae-afina-os-instrumentos-para-receber-o-festival-de-jazz-blues-em-julho","status":"publish","type":"post","link":"https:\/\/blogdodanielgalvao.com.br\/site\/macae-afina-os-instrumentos-para-receber-o-festival-de-jazz-blues-em-julho\/","title":{"rendered":"Maca\u00e9 afina os instrumentos para receber o Festival de Jazz &#038; Blues em julho"},"content":{"rendered":"<p>A 4\u00aa edi\u00e7\u00e3o do Festival Internacional de Jazz &amp; Blues Maca\u00e9 foi oficialmente lan\u00e7ada nesta quinta-feira (26), em um evento especial realizado na hist\u00f3rica Fazenda Airis, localizada em C\u00f3rrego do Ouro. Com apoio da Prefeitura de Maca\u00e9, o festival promete movimentar a cidade entre os dias 11 e 13 de julho, com uma programa\u00e7\u00e3o diversificada e gratuita que celebra a m\u00fasica e a cultura.<\/p>\n<p>O lan\u00e7amento reuniu imprensa, empres\u00e1rios, convidados e representantes do setor cultural em uma noite que uniu experi\u00eancias musicais e hist\u00f3ricas. A programa\u00e7\u00e3o contou com o show \u201cDivas do Jazz\u201d, da cantora Indiana Nomma, al\u00e9m de um tour guiado pela Fazenda, conduzido por turism\u00f3logas da Secretaria Municipal de Turismo, que apresentaram detalhes do mobili\u00e1rio e da hist\u00f3ria da propriedade, que pertenceu ao Visconde de Mau\u00e1.<\/p>\n<p>Agnes Williams, idealizadora e organizadora do festival, destacou a variedade de estilos que estar\u00e3o presentes nos tr\u00eas dias do evento. \u201cAs pessoas ir\u00e3o curtir todas as vertentes do blues e do jazz, como o soul e a black music. \u00c9 um evento que permite essa troca, com um mix de apresenta\u00e7\u00f5es para todo mundo ficar interligado\u201d, afirmou.<\/p>\n<p>Com uma programa\u00e7\u00e3o que promete agradar diferentes p\u00fablicos, o Festival Internacional de Jazz &amp; Blues Maca\u00e9 refor\u00e7a seu papel como um dos principais eventos culturais da regi\u00e3o.<br \/>\nO secret\u00e1rio de Turismo, Leonardo Anderson, destacou a import\u00e2ncia do festival como estrat\u00e9gia de fortalecimento da cidade como destino, refor\u00e7ando o papel de Maca\u00e9 como sediadora de grandes eventos. \u201cO Festival de Jazz e Blues est\u00e1 no calend\u00e1rio de eventos organizado pela Prefeitura que entende a cultura e arte tamb\u00e9m como pilares importantes do nosso desenvolvimento econ\u00f4mico e social\u201d, sinalizou Leo, ao lado do secret\u00e1rio de Mobilidade Urbana, Jayme Muniz e demais representantes do governo municipal.<\/p>\n<p>Waleska Freire, secret\u00e1ria de Cultura, tamb\u00e9m falou sobre a expressividade do Festival que ser\u00e1 realizado no Beco das Artes, na Praia do Pecado. \u201cO enriquecimento da cultura, da diversidade, a express\u00e3o da identidade, da resist\u00eancia, o fomento \u00e0 criatividade, \u00e0 inova\u00e7\u00e3o fazem parte desse universo do Jazz e Blues que incrementa a cidade como atra\u00e7\u00e3o tur\u00edstica, impulsionando a economia e, principalmente, refor\u00e7ando essa conex\u00e3o com a hist\u00f3ria e com a nossa cultura local\u201d, afirmou.<br \/>\nO palco do Festival receber\u00e1 nomes internacionais e nacionais, entre eles, atra\u00e7\u00f5es regionais e locais. Alguns dos artistas confirmados s\u00e3o:<\/p>\n<p>Becca Perret (RJ)<br \/>\nNathalie Alvim (SP)<br \/>\nJJ Thames (EUA)<br \/>\nJosiel Konrad (RJ)<br \/>\nKynnie &#8211; Tributo a Steve Wonder (Maca\u00e9)<br \/>\nQuarteto Ca\u00ea (Maca\u00e9)<br \/>\nJB Instrumental (Rio das Ostras)<br \/>\nYumi Park (Corea)<br \/>\nSlam Alen (EUA)<br \/>\nMokambo (RJ)<\/p>\n","protected":false},"excerpt":{"rendered":"<p>A 4\u00aa edi\u00e7\u00e3o do Festival Internacional de Jazz &amp; Blues Maca\u00e9 foi oficialmente lan\u00e7ada nesta quinta-feira (26), em um evento especial realizado na hist\u00f3rica Fazenda Airis, localizada em C\u00f3rrego do Ouro. Com apoio da Prefeitura de Maca\u00e9, o festival promete movimentar a cidade entre os dias 11 e 13 de julho, com uma programa\u00e7\u00e3o diversificada [&hellip;]<\/p>\n","protected":false},"author":2,"featured_media":20251,"comment_status":"open","ping_status":"open","sticky":true,"template":"","format":"standard","meta":{"footnotes":""},"categories":[2081],"tags":[2880],"class_list":["post-20250","post","type-post","status-publish","format-standard","has-post-thumbnail","hentry","category-lazer","tag-macae-entra-no-ritmo-do-jazz-e-do-blues"],"_links":{"self":[{"href":"https:\/\/blogdodanielgalvao.com.br\/site\/wp-json\/wp\/v2\/posts\/20250","targetHints":{"allow":["GET"]}}],"collection":[{"href":"https:\/\/blogdodanielgalvao.com.br\/site\/wp-json\/wp\/v2\/posts"}],"about":[{"href":"https:\/\/blogdodanielgalvao.com.br\/site\/wp-json\/wp\/v2\/types\/post"}],"author":[{"embeddable":true,"href":"https:\/\/blogdodanielgalvao.com.br\/site\/wp-json\/wp\/v2\/users\/2"}],"replies":[{"embeddable":true,"href":"https:\/\/blogdodanielgalvao.com.br\/site\/wp-json\/wp\/v2\/comments?post=20250"}],"version-history":[{"count":1,"href":"https:\/\/blogdodanielgalvao.com.br\/site\/wp-json\/wp\/v2\/posts\/20250\/revisions"}],"predecessor-version":[{"id":20252,"href":"https:\/\/blogdodanielgalvao.com.br\/site\/wp-json\/wp\/v2\/posts\/20250\/revisions\/20252"}],"wp:featuredmedia":[{"embeddable":true,"href":"https:\/\/blogdodanielgalvao.com.br\/site\/wp-json\/wp\/v2\/media\/20251"}],"wp:attachment":[{"href":"https:\/\/blogdodanielgalvao.com.br\/site\/wp-json\/wp\/v2\/media?parent=20250"}],"wp:term":[{"taxonomy":"category","embeddable":true,"href":"https:\/\/blogdodanielgalvao.com.br\/site\/wp-json\/wp\/v2\/categories?post=20250"},{"taxonomy":"post_tag","embeddable":true,"href":"https:\/\/blogdodanielgalvao.com.br\/site\/wp-json\/wp\/v2\/tags?post=20250"}],"curies":[{"name":"wp","href":"https:\/\/api.w.org\/{rel}","templated":true}]}}