{"id":20244,"date":"2025-06-27T17:11:04","date_gmt":"2025-06-27T20:11:04","guid":{"rendered":"https:\/\/blogdodanielgalvao.com.br\/site\/?p=20244"},"modified":"2025-06-27T17:11:04","modified_gmt":"2025-06-27T20:11:04","slug":"evento-em-araruama-valoriza-o-trabalho-e-a-identidade-dos-pescadores-locais","status":"publish","type":"post","link":"https:\/\/blogdodanielgalvao.com.br\/site\/evento-em-araruama-valoriza-o-trabalho-e-a-identidade-dos-pescadores-locais\/","title":{"rendered":"Evento em Araruama valoriza o trabalho e a identidade dos pescadores locais"},"content":{"rendered":"<p>Mais do que uma celebra\u00e7\u00e3o cultural, a Festa dos Pescadores de Araruama reconhece a import\u00e2ncia dos profissionais da pesca artesanal para a economia local e para a manuten\u00e7\u00e3o do patrim\u00f4nio cultural do munic\u00edpio. O evento, que j\u00e1 est\u00e1 em sua sexta edi\u00e7\u00e3o, ser\u00e1 realizado nos dias 28 e 29 de junho, no Rancho dos Pescadores, situado na Col\u00f4nia Z-28, bairro Areal.<\/p>\n<p>A programa\u00e7\u00e3o, que ocorre das 10h \u00e0s 18h, contar\u00e1 com uma s\u00e9rie de atra\u00e7\u00f5es musicais para animar o p\u00fablico durante o final de semana. No s\u00e1bado (28), \u00e0s 13h, a apresenta\u00e7\u00e3o ser\u00e1 de Estev\u00e3o Medeiros. J\u00e1 no domingo (29), \u00e0s 13h, quem sobe ao palco \u00e9 Riverton Couto.<\/p>\n<p>Al\u00e9m da m\u00fasica, o p\u00fablico poder\u00e1 desfrutar de barracas com pratos t\u00edpicos preparados com ingredientes frescos da laguna, incluindo tamb\u00e9m doces caseiros, salgadinhos e outras iguarias tradicionais da culin\u00e1ria regional. Essa \u00e9 uma \u00f3tima oportunidade para moradores e visitantes experimentarem os sabores que s\u00e3o parte da identidade pesqueira de Araruama.<\/p>\n<p>A Festa dos Pescadores acontece no Rancho dos Pescadores, espa\u00e7o que simboliza a f\u00e9, a cultura e o esfor\u00e7o dos trabalhadores do mar. A celebra\u00e7\u00e3o refor\u00e7a o respeito \u00e0 tradi\u00e7\u00e3o e o reconhecimento da import\u00e2ncia desses profissionais para a comunidade\u00a0local.<\/p>\n","protected":false},"excerpt":{"rendered":"<p>Mais do que uma celebra\u00e7\u00e3o cultural, a Festa dos Pescadores de Araruama reconhece a import\u00e2ncia dos profissionais da pesca artesanal para a economia local e para a manuten\u00e7\u00e3o do patrim\u00f4nio cultural do munic\u00edpio. O evento, que j\u00e1 est\u00e1 em sua sexta edi\u00e7\u00e3o, ser\u00e1 realizado nos dias 28 e 29 de junho, no Rancho dos Pescadores, [&hellip;]<\/p>\n","protected":false},"author":2,"featured_media":20247,"comment_status":"open","ping_status":"open","sticky":true,"template":"","format":"standard","meta":{"footnotes":""},"categories":[208],"tags":[1896],"class_list":["post-20244","post","type-post","status-publish","format-standard","has-post-thumbnail","hentry","category-araruama","tag-destaque"],"_links":{"self":[{"href":"https:\/\/blogdodanielgalvao.com.br\/site\/wp-json\/wp\/v2\/posts\/20244","targetHints":{"allow":["GET"]}}],"collection":[{"href":"https:\/\/blogdodanielgalvao.com.br\/site\/wp-json\/wp\/v2\/posts"}],"about":[{"href":"https:\/\/blogdodanielgalvao.com.br\/site\/wp-json\/wp\/v2\/types\/post"}],"author":[{"embeddable":true,"href":"https:\/\/blogdodanielgalvao.com.br\/site\/wp-json\/wp\/v2\/users\/2"}],"replies":[{"embeddable":true,"href":"https:\/\/blogdodanielgalvao.com.br\/site\/wp-json\/wp\/v2\/comments?post=20244"}],"version-history":[{"count":1,"href":"https:\/\/blogdodanielgalvao.com.br\/site\/wp-json\/wp\/v2\/posts\/20244\/revisions"}],"predecessor-version":[{"id":20248,"href":"https:\/\/blogdodanielgalvao.com.br\/site\/wp-json\/wp\/v2\/posts\/20244\/revisions\/20248"}],"wp:featuredmedia":[{"embeddable":true,"href":"https:\/\/blogdodanielgalvao.com.br\/site\/wp-json\/wp\/v2\/media\/20247"}],"wp:attachment":[{"href":"https:\/\/blogdodanielgalvao.com.br\/site\/wp-json\/wp\/v2\/media?parent=20244"}],"wp:term":[{"taxonomy":"category","embeddable":true,"href":"https:\/\/blogdodanielgalvao.com.br\/site\/wp-json\/wp\/v2\/categories?post=20244"},{"taxonomy":"post_tag","embeddable":true,"href":"https:\/\/blogdodanielgalvao.com.br\/site\/wp-json\/wp\/v2\/tags?post=20244"}],"curies":[{"name":"wp","href":"https:\/\/api.w.org\/{rel}","templated":true}]}}