{"id":20243,"date":"2025-06-29T08:00:00","date_gmt":"2025-06-29T11:00:00","guid":{"rendered":"https:\/\/blogdodanielgalvao.com.br\/site\/?p=20243"},"modified":"2025-06-27T17:12:20","modified_gmt":"2025-06-27T20:12:20","slug":"polo-da-uff-de-rio-das-ostras-recebe-evento-nessa-segunda-30-para-discutir-questoes-climaticas","status":"publish","type":"post","link":"https:\/\/blogdodanielgalvao.com.br\/site\/polo-da-uff-de-rio-das-ostras-recebe-evento-nessa-segunda-30-para-discutir-questoes-climaticas\/","title":{"rendered":"Polo da UFF de Rio das Ostras recebe evento nessa segunda, 30, para discutir quest\u00f5es clim\u00e1ticas"},"content":{"rendered":"<p>O polo da Universidade Federal Fluminense (UFF) em Rio das Ostras, recebe, nessa segunda-feira, 30 de junho, \u00e0s 18h, o F\u00f3rum Popular de Justi\u00e7a Ambiental e Clim\u00e1tica, visando a constru\u00e7\u00e3o da agenda para o 2\u00ba semestre desse ano.<\/p>\n<p>O evento abordar\u00e1 a organiza\u00e7\u00e3o de uma audi\u00eancia p\u00fablica na C\u00e2mara Municipal pensando na participa\u00e7\u00e3o do F\u00f3rum na Confer\u00eancia das Na\u00e7\u00f5es Unidas sobre Mudan\u00e7as Clim\u00e1ticas (COP30), que acontece em Bel\u00e9m, no Par\u00e1 (PA), em novembro.<\/p>\n<p>Aberto ao p\u00fablico e sem necessidade de inscri\u00e7\u00e3o pr\u00e9via, o evento seguir\u00e1 a mesma perspectiva participativa e comunit\u00e1ria das edi\u00e7\u00f5es anteriores do F\u00f3rum, reunindo moradores, lideran\u00e7as sociais, estudantes, professores, pesquisadores e representantes de movimentos ambientais e populares.<\/p>\n<p>De acordo com o coletivo, um dos principais pontos da pauta ser\u00e1 a constru\u00e7\u00e3o de uma audi\u00eancia p\u00fablica sobre justi\u00e7a clim\u00e1tica, compromisso assumido pelo presidente da C\u00e2mara Municipal, vereador Marciel (PL), durante encontros anteriores, visando a participa\u00e7\u00e3o na COP30.<\/p>\n<p>\u201cO evento internacional \u00e9 considerado uma oportunidade estrat\u00e9gica para dar visibilidade \u00e0s pautas ambientais dos territ\u00f3rios perif\u00e9ricos e fortalecer a luta por justi\u00e7a clim\u00e1tica com base no conhecimento popular e cient\u00edfico\u201d, explicou a organiza\u00e7\u00e3o do movimento.<\/p>\n<p>Para o presidente do Centro Cultural de Educa\u00e7\u00e3o Popular de Rio das Ostras (CEPRO), Guilhermina Rocha, a plen\u00e1ria tem um papel fundamental na articula\u00e7\u00e3o de vozes comunit\u00e1rias nos espa\u00e7os de decis\u00e3o.<\/p>\n<p>\u201cEstamos construindo uma agenda coletiva e popular de enfrentamento \u00e0 crise clim\u00e1tica. Essa plen\u00e1ria \u00e9 um passo essencial para garantir que nossa realidade local esteja representada na C\u00e2mara de Vereadores e tamb\u00e9m em espa\u00e7os globais, como a COP30\u201d, afirmou Guilherme Rocha.<\/p>\n<p>Criado como iniciativa da sociedade civil, o F\u00f3rum Popular de Justi\u00e7a Ambiental e Clim\u00e1tica de Rio das Ostras visa o fortalecimento da mobiliza\u00e7\u00e3o em torno de temas como polui\u00e7\u00e3o, seguran\u00e7a h\u00eddrica, saneamento, impactos de grandes empreendimentos e mudan\u00e7as no regime de chuvas e mar\u00e9s, realizando encontros peri\u00f3dicos com foco na escuta e participa\u00e7\u00e3o popular.<\/p>\n<p>\u201cO F\u00f3rum \u00e9 um espa\u00e7o de escuta e mobiliza\u00e7\u00e3o popular diante das injusti\u00e7as ambientais que atingem diretamente nossas comunidades. Ao reunir saberes acad\u00eamicos e populares, constru\u00edmos caminhos coletivos para enfrentar a crise clim\u00e1tica com protagonismo local\u201d, acrescentou a coordenadora do F\u00f3rum, Breda Iolanda.<\/p>\n","protected":false},"excerpt":{"rendered":"<p>O polo da Universidade Federal Fluminense (UFF) em Rio das Ostras, recebe, nessa segunda-feira, 30 de junho, \u00e0s 18h, o F\u00f3rum Popular de Justi\u00e7a Ambiental e Clim\u00e1tica, visando a constru\u00e7\u00e3o da agenda para o 2\u00ba semestre desse ano. O evento abordar\u00e1 a organiza\u00e7\u00e3o de uma audi\u00eancia p\u00fablica na C\u00e2mara Municipal pensando na participa\u00e7\u00e3o do F\u00f3rum [&hellip;]<\/p>\n","protected":false},"author":2,"featured_media":20245,"comment_status":"open","ping_status":"open","sticky":true,"template":"","format":"standard","meta":{"footnotes":""},"categories":[4],"tags":[2879],"class_list":["post-20243","post","type-post","status-publish","format-standard","has-post-thumbnail","hentry","category-rio-das-ostras","tag-uff-recebe-forum-popular-de-justica-ambiental-e-climatica"],"_links":{"self":[{"href":"https:\/\/blogdodanielgalvao.com.br\/site\/wp-json\/wp\/v2\/posts\/20243","targetHints":{"allow":["GET"]}}],"collection":[{"href":"https:\/\/blogdodanielgalvao.com.br\/site\/wp-json\/wp\/v2\/posts"}],"about":[{"href":"https:\/\/blogdodanielgalvao.com.br\/site\/wp-json\/wp\/v2\/types\/post"}],"author":[{"embeddable":true,"href":"https:\/\/blogdodanielgalvao.com.br\/site\/wp-json\/wp\/v2\/users\/2"}],"replies":[{"embeddable":true,"href":"https:\/\/blogdodanielgalvao.com.br\/site\/wp-json\/wp\/v2\/comments?post=20243"}],"version-history":[{"count":1,"href":"https:\/\/blogdodanielgalvao.com.br\/site\/wp-json\/wp\/v2\/posts\/20243\/revisions"}],"predecessor-version":[{"id":20246,"href":"https:\/\/blogdodanielgalvao.com.br\/site\/wp-json\/wp\/v2\/posts\/20243\/revisions\/20246"}],"wp:featuredmedia":[{"embeddable":true,"href":"https:\/\/blogdodanielgalvao.com.br\/site\/wp-json\/wp\/v2\/media\/20245"}],"wp:attachment":[{"href":"https:\/\/blogdodanielgalvao.com.br\/site\/wp-json\/wp\/v2\/media?parent=20243"}],"wp:term":[{"taxonomy":"category","embeddable":true,"href":"https:\/\/blogdodanielgalvao.com.br\/site\/wp-json\/wp\/v2\/categories?post=20243"},{"taxonomy":"post_tag","embeddable":true,"href":"https:\/\/blogdodanielgalvao.com.br\/site\/wp-json\/wp\/v2\/tags?post=20243"}],"curies":[{"name":"wp","href":"https:\/\/api.w.org\/{rel}","templated":true}]}}