{"id":20239,"date":"2025-06-27T16:56:47","date_gmt":"2025-06-27T19:56:47","guid":{"rendered":"https:\/\/blogdodanielgalvao.com.br\/site\/?p=20239"},"modified":"2025-06-27T16:56:47","modified_gmt":"2025-06-27T19:56:47","slug":"fiscalizacao-retira-balancos-e-redes-montados-ilegalmente-na-praia-grande-em-arraial-do-cabo","status":"publish","type":"post","link":"https:\/\/blogdodanielgalvao.com.br\/site\/fiscalizacao-retira-balancos-e-redes-montados-ilegalmente-na-praia-grande-em-arraial-do-cabo\/","title":{"rendered":"Fiscaliza\u00e7\u00e3o retira balan\u00e7os e redes montados ilegalmente na Praia Grande, em Arraial do Cabo"},"content":{"rendered":"<p>Uma for\u00e7a-tarefa integrada realizada nesta quinta-feira (27) resultou na remo\u00e7\u00e3o de estruturas irregulares montadas em uma zona de prote\u00e7\u00e3o ambiental na Praia Grande, em Arraial do Cabo. A interven\u00e7\u00e3o visava retirar redes e balan\u00e7os instalados sem autoriza\u00e7\u00e3o, cujo uso era cobrado por um indiv\u00edduo para fotos de turistas e moradores \u2014 tudo sem qualquer tipo de licen\u00e7a ou alvar\u00e1.<\/p>\n<p>A estrutura havia sido montada nas proximidades da conhecida \u201cJanela do Para\u00edso\u201d, que j\u00e1 se encontra interditada pela Defesa Civil devido a riscos estruturais. O local, que vinha se tornando um ponto de grande fluxo de visitantes, passou a sofrer com degrada\u00e7\u00e3o ambiental e uso comercial indevido.<\/p>\n<p>De acordo com a legisla\u00e7\u00e3o ambiental brasileira, especialmente a Lei n\u00ba 9.605\/1998 (Lei de Crimes Ambientais), \u00e9 proibida a instala\u00e7\u00e3o de qualquer tipo de equipamento ou constru\u00e7\u00e3o em \u00e1reas de preserva\u00e7\u00e3o permanente sem licenciamento ambiental. A infra\u00e7\u00e3o pode gerar san\u00e7\u00f5es administrativas, civis e criminais.<\/p>\n<p>A opera\u00e7\u00e3o foi deflagrada ap\u00f3s constata\u00e7\u00e3o da situa\u00e7\u00e3o pela Defesa Civil, e envolveu equipes da Secretaria Municipal de Seguran\u00e7a P\u00fablica, com atua\u00e7\u00e3o da Ronda Ostensiva Municipal (ROMU) e do Proeis, al\u00e9m da Secretaria do Ambiente e Saneamento, por meio do Grupamento Operacional Ambiental e Mar\u00edtimo (GOPAM).<\/p>\n<p>A Prefeitura de Arraial do Cabo alerta que qualquer interven\u00e7\u00e3o em ambientes naturais precisa de autoriza\u00e7\u00e3o expressa dos \u00f3rg\u00e3os competentes e refor\u00e7a que pr\u00e1ticas ilegais como essa colocam em risco n\u00e3o apenas o meio ambiente, mas tamb\u00e9m a integridade f\u00edsica dos\u00a0frequentadores.<\/p>\n","protected":false},"excerpt":{"rendered":"<p>Uma for\u00e7a-tarefa integrada realizada nesta quinta-feira (27) resultou na remo\u00e7\u00e3o de estruturas irregulares montadas em uma zona de prote\u00e7\u00e3o ambiental na Praia Grande, em Arraial do Cabo. A interven\u00e7\u00e3o visava retirar redes e balan\u00e7os instalados sem autoriza\u00e7\u00e3o, cujo uso era cobrado por um indiv\u00edduo para fotos de turistas e moradores \u2014 tudo sem qualquer tipo [&hellip;]<\/p>\n","protected":false},"author":2,"featured_media":20241,"comment_status":"open","ping_status":"open","sticky":true,"template":"","format":"standard","meta":{"footnotes":""},"categories":[838],"tags":[1896],"class_list":["post-20239","post","type-post","status-publish","format-standard","has-post-thumbnail","hentry","category-arraial-do-cabo","tag-destaque"],"_links":{"self":[{"href":"https:\/\/blogdodanielgalvao.com.br\/site\/wp-json\/wp\/v2\/posts\/20239","targetHints":{"allow":["GET"]}}],"collection":[{"href":"https:\/\/blogdodanielgalvao.com.br\/site\/wp-json\/wp\/v2\/posts"}],"about":[{"href":"https:\/\/blogdodanielgalvao.com.br\/site\/wp-json\/wp\/v2\/types\/post"}],"author":[{"embeddable":true,"href":"https:\/\/blogdodanielgalvao.com.br\/site\/wp-json\/wp\/v2\/users\/2"}],"replies":[{"embeddable":true,"href":"https:\/\/blogdodanielgalvao.com.br\/site\/wp-json\/wp\/v2\/comments?post=20239"}],"version-history":[{"count":1,"href":"https:\/\/blogdodanielgalvao.com.br\/site\/wp-json\/wp\/v2\/posts\/20239\/revisions"}],"predecessor-version":[{"id":20242,"href":"https:\/\/blogdodanielgalvao.com.br\/site\/wp-json\/wp\/v2\/posts\/20239\/revisions\/20242"}],"wp:featuredmedia":[{"embeddable":true,"href":"https:\/\/blogdodanielgalvao.com.br\/site\/wp-json\/wp\/v2\/media\/20241"}],"wp:attachment":[{"href":"https:\/\/blogdodanielgalvao.com.br\/site\/wp-json\/wp\/v2\/media?parent=20239"}],"wp:term":[{"taxonomy":"category","embeddable":true,"href":"https:\/\/blogdodanielgalvao.com.br\/site\/wp-json\/wp\/v2\/categories?post=20239"},{"taxonomy":"post_tag","embeddable":true,"href":"https:\/\/blogdodanielgalvao.com.br\/site\/wp-json\/wp\/v2\/tags?post=20239"}],"curies":[{"name":"wp","href":"https:\/\/api.w.org\/{rel}","templated":true}]}}