{"id":20237,"date":"2025-06-28T08:00:44","date_gmt":"2025-06-28T11:00:44","guid":{"rendered":"https:\/\/blogdodanielgalvao.com.br\/site\/?p=20237"},"modified":"2025-06-27T16:54:18","modified_gmt":"2025-06-27T19:54:18","slug":"teen-kids-music-festival-tem-final-no-plaza-rio-das-ostras-nesse-domingo-29","status":"publish","type":"post","link":"https:\/\/blogdodanielgalvao.com.br\/site\/teen-kids-music-festival-tem-final-no-plaza-rio-das-ostras-nesse-domingo-29\/","title":{"rendered":"Teen Kids Music Festival tem final no Plaza Rio das Ostras nesse domingo, 29"},"content":{"rendered":"<p>O Shopping Plaza Rio das Ostras recebe, nesse domingo, 29, a grande final do Teen Kids Music Festival, que acontece mais uma vez na Vila Gourmet, espa\u00e7o do shopping que mistura gastronomia, cultura e m\u00fasica ao vivo.<\/p>\n<p>O concurso, que j\u00e1 faz parte do calend\u00e1rio cultural de Rio das Ostras e tem colocado holofotes sobre os jovens artistas do munic\u00edpio, premia os finalistas entre 40 jovens e adolescentes entre 7 e 16 anos que passaram por v\u00e1rias etapas at\u00e9 a grande decis\u00e3o, que come\u00e7a nesse domingo, \u00e0s 18h.<\/p>\n<p>Desde 2019, o Teen Kids Music Festival j\u00e1 lan\u00e7ou alguns jovens cantores que se destacaram em concursos musicais com representa\u00e7\u00e3o nacional, como o The Voice Kids, da TV Globo, e o Canta Comigo Teen, da Record.<\/p>\n<p>\u201cDesde o in\u00edcio do funcionamento do Shopping Plaza Rio das Ostras, a Vila Gourmet tem aberto suas portas para os talentos locais. Apoiar os artistas da nossa regi\u00e3o sempre foi nosso foco e, \u00e9 muito gratificante participar da descoberta desses futuros talentos da cidade, acompanhar os primeiros passos desses artistas\u201d, comemora o superintendente Felipe Estiguer.<\/p>\n<p>Realiza\u00e7\u00e3o da HS Produtora, o Teen Kids Music Festival conta com apoio da Funda\u00e7\u00e3o Rio das Ostras de Cultura (FROC), da C\u00e2mara Municipal, e da Spin Educacional, ajudando a promover a cultura e o desenvolvimento art\u00edstico local, al\u00e9m de realizar campanhas de arrecada\u00e7\u00e3o para entidades beneficentes da cidade.<\/p>\n","protected":false},"excerpt":{"rendered":"<p>O Shopping Plaza Rio das Ostras recebe, nesse domingo, 29, a grande final do Teen Kids Music Festival, que acontece mais uma vez na Vila Gourmet, espa\u00e7o do shopping que mistura gastronomia, cultura e m\u00fasica ao vivo. O concurso, que j\u00e1 faz parte do calend\u00e1rio cultural de Rio das Ostras e tem colocado holofotes sobre [&hellip;]<\/p>\n","protected":false},"author":2,"featured_media":20238,"comment_status":"open","ping_status":"open","sticky":true,"template":"","format":"standard","meta":{"footnotes":""},"categories":[4],"tags":[],"class_list":["post-20237","post","type-post","status-publish","format-standard","has-post-thumbnail","hentry","category-rio-das-ostras"],"_links":{"self":[{"href":"https:\/\/blogdodanielgalvao.com.br\/site\/wp-json\/wp\/v2\/posts\/20237","targetHints":{"allow":["GET"]}}],"collection":[{"href":"https:\/\/blogdodanielgalvao.com.br\/site\/wp-json\/wp\/v2\/posts"}],"about":[{"href":"https:\/\/blogdodanielgalvao.com.br\/site\/wp-json\/wp\/v2\/types\/post"}],"author":[{"embeddable":true,"href":"https:\/\/blogdodanielgalvao.com.br\/site\/wp-json\/wp\/v2\/users\/2"}],"replies":[{"embeddable":true,"href":"https:\/\/blogdodanielgalvao.com.br\/site\/wp-json\/wp\/v2\/comments?post=20237"}],"version-history":[{"count":1,"href":"https:\/\/blogdodanielgalvao.com.br\/site\/wp-json\/wp\/v2\/posts\/20237\/revisions"}],"predecessor-version":[{"id":20240,"href":"https:\/\/blogdodanielgalvao.com.br\/site\/wp-json\/wp\/v2\/posts\/20237\/revisions\/20240"}],"wp:featuredmedia":[{"embeddable":true,"href":"https:\/\/blogdodanielgalvao.com.br\/site\/wp-json\/wp\/v2\/media\/20238"}],"wp:attachment":[{"href":"https:\/\/blogdodanielgalvao.com.br\/site\/wp-json\/wp\/v2\/media?parent=20237"}],"wp:term":[{"taxonomy":"category","embeddable":true,"href":"https:\/\/blogdodanielgalvao.com.br\/site\/wp-json\/wp\/v2\/categories?post=20237"},{"taxonomy":"post_tag","embeddable":true,"href":"https:\/\/blogdodanielgalvao.com.br\/site\/wp-json\/wp\/v2\/tags?post=20237"}],"curies":[{"name":"wp","href":"https:\/\/api.w.org\/{rel}","templated":true}]}}