{"id":20234,"date":"2025-06-27T16:32:48","date_gmt":"2025-06-27T19:32:48","guid":{"rendered":"https:\/\/blogdodanielgalvao.com.br\/site\/?p=20234"},"modified":"2025-06-27T16:32:48","modified_gmt":"2025-06-27T19:32:48","slug":"rio-das-ostras-escolas-da-rede-municipal-ganham-acoes-de-reparo-e-manutencao","status":"publish","type":"post","link":"https:\/\/blogdodanielgalvao.com.br\/site\/rio-das-ostras-escolas-da-rede-municipal-ganham-acoes-de-reparo-e-manutencao\/","title":{"rendered":"Rio das Ostras: escolas da rede municipal ganham a\u00e7\u00f5es de reparo e manuten\u00e7\u00e3o"},"content":{"rendered":"<p>A Prefeitura de Rio das Ostras segue trabalhando em a\u00e7\u00f5es preventivas de limpeza, reparo e manuten\u00e7\u00e3o de escolas da rede p\u00fablica municipal, visando garantir o funcionamento das unidades nos per\u00edodos de inverno, quando as chuvas tendem a aumentar na cidade.<\/p>\n<p>Nessa semana, equipes da Divis\u00e3o de Obras e Manuten\u00e7\u00e3o (DIOM), da Secretaria de Educa\u00e7\u00e3o, atuaram nas escolas Alzir David Pereira, na Extens\u00e3o Serramar; Prefeito Cl\u00e1udio Ribeiro e Creche Dona Senhorinha, no Recanto; Prefeito C\u00e9lio Sarzedas, no Balne\u00e1rio Remanso; e no Instituto Municipal de Educa\u00e7\u00e3o Rio das Ostras (IMERO), no Nova Cidade, que receberam limpeza das caixas de ralos, de drenagens e calhas.<\/p>\n<p>\u201cO objetivo \u00e9 garantir o pleno funcionamento das instala\u00e7\u00f5es durante o inverno, per\u00edodo em que a incid\u00eancia de chuvas pode aumentar devido \u00e0 atua\u00e7\u00e3o de frentes frias oce\u00e2nicas\u201d, justificou o munic\u00edpio.<\/p>\n<p>Al\u00e9m da limpeza, a Escola Municipal Alzir David Pereira tamb\u00e9m ganhou um novo biciclet\u00e1rio, bancos e delimita\u00e7\u00f5es de acesso a ve\u00edculos, contando ainda com aux\u00edlio de mour\u00f5es e plantas que foram incorporadas na \u00e1rea durante a\u00e7\u00e3o social realizada em alus\u00e3o \u00e0 Semana do Meio Ambiente.<\/p>\n<p>Outras unidades que receberam melhorias nessa semana foram as escolas municipais Maria da Penha Oliveira, no Palmital, que ganhou novas calhas na cobertura do telhado das salas modulares; e Jo\u00e3o Bento Duarte Neto, no Nova Esperan\u00e7a, que passou por manuten\u00e7\u00e3o hidr\u00e1ulica, com troca de encanamentos e ralos.<\/p>\n<p>Al\u00e9m dos servi\u00e7os preventivos, as unidades recebem servi\u00e7os diversos de manuten\u00e7\u00e3o, como aconteceu na Escola Municipal Maria Teixeira de Paula, no Jardim Campomar, com reparo no port\u00e3o de entrada, que apresentava deteriora\u00e7\u00e3o e ferrugem, e substitui\u00e7\u00e3o de torneiras dos banheiros.<\/p>\n<p>J\u00e1 no Col\u00e9gio Municipal Professora Am\u00e9rica Abdalla, no Nova Esperan\u00e7a, as equipes do DIOM realizaram a pintura e reparos nas salas de aulas que receber\u00e3o os cursos profissionalizantes em parceria com Funda\u00e7\u00e3o para a Inf\u00e2ncia e Adolesc\u00eancia (FIA).<\/p>\n<p>A prefeitura lembra que as a\u00e7\u00f5es v\u00eam acontecendo continuamente nas escolas p\u00fablicas municipais, em diversos bairros e localidades da cidade, que recebem trabalhos de manuten\u00e7\u00e3o, reparos e revitaliza\u00e7\u00e3o.<\/p>\n<p>Entre os servi\u00e7os est\u00e3o troca de l\u00e2mpadas, de torneiras, de fechaduras, a\u00e7\u00f5es de el\u00e9trica e hidr\u00e1ulica, al\u00e9m do desentupimento de pias, vasos, limpeza de fossas e abastecimento, visando manter as unidades funcionando da melhor maneira para alunos e funcion\u00e1rios.<\/p>\n","protected":false},"excerpt":{"rendered":"<p>A Prefeitura de Rio das Ostras segue trabalhando em a\u00e7\u00f5es preventivas de limpeza, reparo e manuten\u00e7\u00e3o de escolas da rede p\u00fablica municipal, visando garantir o funcionamento das unidades nos per\u00edodos de inverno, quando as chuvas tendem a aumentar na cidade. Nessa semana, equipes da Divis\u00e3o de Obras e Manuten\u00e7\u00e3o (DIOM), da Secretaria de Educa\u00e7\u00e3o, atuaram [&hellip;]<\/p>\n","protected":false},"author":2,"featured_media":20235,"comment_status":"open","ping_status":"open","sticky":false,"template":"","format":"standard","meta":{"footnotes":""},"categories":[4],"tags":[76],"class_list":["post-20234","post","type-post","status-publish","format-standard","has-post-thumbnail","hentry","category-rio-das-ostras","tag-rio-das-ostras"],"_links":{"self":[{"href":"https:\/\/blogdodanielgalvao.com.br\/site\/wp-json\/wp\/v2\/posts\/20234","targetHints":{"allow":["GET"]}}],"collection":[{"href":"https:\/\/blogdodanielgalvao.com.br\/site\/wp-json\/wp\/v2\/posts"}],"about":[{"href":"https:\/\/blogdodanielgalvao.com.br\/site\/wp-json\/wp\/v2\/types\/post"}],"author":[{"embeddable":true,"href":"https:\/\/blogdodanielgalvao.com.br\/site\/wp-json\/wp\/v2\/users\/2"}],"replies":[{"embeddable":true,"href":"https:\/\/blogdodanielgalvao.com.br\/site\/wp-json\/wp\/v2\/comments?post=20234"}],"version-history":[{"count":1,"href":"https:\/\/blogdodanielgalvao.com.br\/site\/wp-json\/wp\/v2\/posts\/20234\/revisions"}],"predecessor-version":[{"id":20236,"href":"https:\/\/blogdodanielgalvao.com.br\/site\/wp-json\/wp\/v2\/posts\/20234\/revisions\/20236"}],"wp:featuredmedia":[{"embeddable":true,"href":"https:\/\/blogdodanielgalvao.com.br\/site\/wp-json\/wp\/v2\/media\/20235"}],"wp:attachment":[{"href":"https:\/\/blogdodanielgalvao.com.br\/site\/wp-json\/wp\/v2\/media?parent=20234"}],"wp:term":[{"taxonomy":"category","embeddable":true,"href":"https:\/\/blogdodanielgalvao.com.br\/site\/wp-json\/wp\/v2\/categories?post=20234"},{"taxonomy":"post_tag","embeddable":true,"href":"https:\/\/blogdodanielgalvao.com.br\/site\/wp-json\/wp\/v2\/tags?post=20234"}],"curies":[{"name":"wp","href":"https:\/\/api.w.org\/{rel}","templated":true}]}}