{"id":20226,"date":"2025-06-27T16:10:42","date_gmt":"2025-06-27T19:10:42","guid":{"rendered":"https:\/\/blogdodanielgalvao.com.br\/site\/?p=20226"},"modified":"2025-06-27T16:10:42","modified_gmt":"2025-06-27T19:10:42","slug":"doacao-de-sangue-em-macae-contara-com-horario-estendido-neste-sabado","status":"publish","type":"post","link":"https:\/\/blogdodanielgalvao.com.br\/site\/doacao-de-sangue-em-macae-contara-com-horario-estendido-neste-sabado\/","title":{"rendered":"Doa\u00e7\u00e3o de sangue em Maca\u00e9 contar\u00e1 com hor\u00e1rio estendido neste s\u00e1bado"},"content":{"rendered":"<p>O Dia D da campanha Junho Vermelho ser\u00e1 realizado neste s\u00e1bado (28) em todo o pa\u00eds e, claro, Maca\u00e9 n\u00e3o ficar\u00e1 de fora. A sede do Servi\u00e7o Municipal de Hemoterapia estar\u00e1 aberta e funcionando em hor\u00e1rio especial e estendido. O atendimento ser\u00e1 das 7h30 \u00e0s 17h, o que representa uma grande oportunidade para que todos possam contribuir com a doa\u00e7\u00e3o de sangue em uma a\u00e7\u00e3o que pode salvar vidas.<\/p>\n<p>A a\u00e7\u00e3o deste s\u00e1bado encerra a programa\u00e7\u00e3o do m\u00eas. Ao longo dos \u00faltimos 30 dias, foram realizadas palestras e a\u00e7\u00f5es pontuais de informa\u00e7\u00f5es sobre a import\u00e2ncia da doa\u00e7\u00e3o de sangue em pontos espec\u00edficos da cidade. Os respons\u00e1veis pela unidade refor\u00e7am a necessidade de novas doa\u00e7\u00f5es nesta \u00e9poca do ano, j\u00e1 que devido \u00e0s quedas de temperatura e as f\u00e9rias escolares, os estoques tendem a ficar em um n\u00edvel mais baixo.<\/p>\n<p>\u201c\u00c9 sempre importante manter nossos estoques. Doar sangue \u00e9 um ato nobre e salva vidas. Esse trabalho pode ser feito todos os dias. N\u00e3o \u00e9 necess\u00e1rio esperar o Dia D para doar\u201d, afirmou a assistente social Karla Ferreira Barbosa.<\/p>\n<p>Para ser doador de sangue \u00e9 necess\u00e1rio: ter mais que 50 kg; n\u00e3o ter feito piercing, tatuagem, colonoscopia ou endoscopia nos \u00faltimos seis meses; ter entre 16 anos e 69 anos, 11 meses e 29 dias. A partir dos 60 anos s\u00f3 pode doar sangue quem fez uma doa\u00e7\u00e3o ao longo da vida e dos 16 aos 18 anos \u00e9 necess\u00e1rio o consentimento do respons\u00e1vel; ter tido ao menos 6 horas de sono na noite que antecede a doa\u00e7\u00e3o; estar alimentando e n\u00e3o ter ingerido alimentos gordurosos em at\u00e9 4 horas antes da doa\u00e7\u00e3o.<\/p>\n<p>Agendamento &#8211; A doa\u00e7\u00e3o de sangue, em Maca\u00e9, tamb\u00e9m pode ser agendada online, por meio do site oficial da Prefeitura de Maca\u00e9 (www.macae.rj.gov.br ), na aba &#8220;Doe Sangue&#8221;. O doador ir\u00e1 preencher seus dados nos campos e marcar o dia e hor\u00e1rio da sua doa\u00e7\u00e3o. O telefone para contato \u00e9 (22) 2796-1756.<\/p>\n<p>O Servi\u00e7o Municipal de Hemoterapia de Maca\u00e9 funciona na Rua Dr. Bueno, 40, no Centro. O hor\u00e1rio de coleta \u00e9: de segunda a sexta-feira, das 7h30 \u00e0s 12h30 (exceto feriado). A pessoa deve levar documento oficial de identifica\u00e7\u00e3o com foto.<\/p>\n","protected":false},"excerpt":{"rendered":"<p>O Dia D da campanha Junho Vermelho ser\u00e1 realizado neste s\u00e1bado (28) em todo o pa\u00eds e, claro, Maca\u00e9 n\u00e3o ficar\u00e1 de fora. A sede do Servi\u00e7o Municipal de Hemoterapia estar\u00e1 aberta e funcionando em hor\u00e1rio especial e estendido. O atendimento ser\u00e1 das 7h30 \u00e0s 17h, o que representa uma grande oportunidade para que todos [&hellip;]<\/p>\n","protected":false},"author":2,"featured_media":20227,"comment_status":"open","ping_status":"open","sticky":true,"template":"","format":"standard","meta":{"footnotes":""},"categories":[2113],"tags":[2878],"class_list":["post-20226","post","type-post","status-publish","format-standard","has-post-thumbnail","hentry","category-saude","tag-servico-de-hemoterapia-em-macae"],"_links":{"self":[{"href":"https:\/\/blogdodanielgalvao.com.br\/site\/wp-json\/wp\/v2\/posts\/20226","targetHints":{"allow":["GET"]}}],"collection":[{"href":"https:\/\/blogdodanielgalvao.com.br\/site\/wp-json\/wp\/v2\/posts"}],"about":[{"href":"https:\/\/blogdodanielgalvao.com.br\/site\/wp-json\/wp\/v2\/types\/post"}],"author":[{"embeddable":true,"href":"https:\/\/blogdodanielgalvao.com.br\/site\/wp-json\/wp\/v2\/users\/2"}],"replies":[{"embeddable":true,"href":"https:\/\/blogdodanielgalvao.com.br\/site\/wp-json\/wp\/v2\/comments?post=20226"}],"version-history":[{"count":1,"href":"https:\/\/blogdodanielgalvao.com.br\/site\/wp-json\/wp\/v2\/posts\/20226\/revisions"}],"predecessor-version":[{"id":20228,"href":"https:\/\/blogdodanielgalvao.com.br\/site\/wp-json\/wp\/v2\/posts\/20226\/revisions\/20228"}],"wp:featuredmedia":[{"embeddable":true,"href":"https:\/\/blogdodanielgalvao.com.br\/site\/wp-json\/wp\/v2\/media\/20227"}],"wp:attachment":[{"href":"https:\/\/blogdodanielgalvao.com.br\/site\/wp-json\/wp\/v2\/media?parent=20226"}],"wp:term":[{"taxonomy":"category","embeddable":true,"href":"https:\/\/blogdodanielgalvao.com.br\/site\/wp-json\/wp\/v2\/categories?post=20226"},{"taxonomy":"post_tag","embeddable":true,"href":"https:\/\/blogdodanielgalvao.com.br\/site\/wp-json\/wp\/v2\/tags?post=20226"}],"curies":[{"name":"wp","href":"https:\/\/api.w.org\/{rel}","templated":true}]}}