{"id":20222,"date":"2025-06-27T15:56:35","date_gmt":"2025-06-27T18:56:35","guid":{"rendered":"https:\/\/blogdodanielgalvao.com.br\/site\/?p=20222"},"modified":"2025-06-27T15:56:35","modified_gmt":"2025-06-27T18:56:35","slug":"arraial-e-exemplo-no-apoio-aos-pequenos-negocios-e-conquista-selo-nacional-do-sebrae","status":"publish","type":"post","link":"https:\/\/blogdodanielgalvao.com.br\/site\/arraial-e-exemplo-no-apoio-aos-pequenos-negocios-e-conquista-selo-nacional-do-sebrae\/","title":{"rendered":"Arraial \u00e9 exemplo no apoio aos pequenos neg\u00f3cios e conquista selo nacional do Sebrae"},"content":{"rendered":"<p>A Sala do Empreendedor de Arraial do Cabo alcan\u00e7ou mais uma importante conquista: o Selo Diamante de Refer\u00eancia em Atendimento, concedido pelo Sebrae em cerim\u00f4nia realizada nesta quinta-feira (26), em Bras\u00edlia. O pr\u00eamio reconhece a excel\u00eancia no suporte a empreendedores e foi recebido por Oscar Victorino, secret\u00e1rio de Administra\u00e7\u00e3o Tribut\u00e1ria, e Fernanda Queiroz, chefe da unidade municipal.<\/p>\n<p>Essa \u00e9 a <strong>segunda vez consecutiva<\/strong> que Arraial do Cabo figura entre os destaques nacionais. Em mar\u00e7o de 2025, a Sala j\u00e1 havia conquistado o Selo Ouro, refor\u00e7ando o compromisso da gest\u00e3o municipal em fomentar o empreendedorismo local.<\/p>\n<p>A premia\u00e7\u00e3o reconhece iniciativas que facilitam a formaliza\u00e7\u00e3o de pequenos neg\u00f3cios, oferecendo atendimento qualificado, orienta\u00e7\u00e3o t\u00e9cnica e apoio a quem deseja empreender ou j\u00e1 atua como micro e pequeno empres\u00e1rio.<\/p>\n<p>\u201cParabenizo toda a equipe da Sala do Empreendedor pelo comprometimento e dedica\u00e7\u00e3o di\u00e1ria. Esse reconhecimento nacional com o Selo Diamante do Sebrae \u00e9 fruto de um trabalho s\u00e9rio, que tem feito a diferen\u00e7a na vida dos nossos empreendedores. Arraial do Cabo avan\u00e7a quando valoriza quem sonha e empreende&#8221;, destacou o secret\u00e1rio Oscar Victorino, conhecido como Kak\u00e1.<\/p>\n<p>A Sala do Empreendedor funciona na Avenida Liberdade, s\/n\u00ba, no Centro, em frente ao pr\u00e9dio da Prefeitura. O atendimento \u00e9 de segunda a sexta-feira, das 8h30 \u00e0s 17h, oferecendo suporte gratuito a novos neg\u00f3cios e empresas j\u00e1\u00a0formalizadas.<\/p>\n","protected":false},"excerpt":{"rendered":"<p>A Sala do Empreendedor de Arraial do Cabo alcan\u00e7ou mais uma importante conquista: o Selo Diamante de Refer\u00eancia em Atendimento, concedido pelo Sebrae em cerim\u00f4nia realizada nesta quinta-feira (26), em Bras\u00edlia. O pr\u00eamio reconhece a excel\u00eancia no suporte a empreendedores e foi recebido por Oscar Victorino, secret\u00e1rio de Administra\u00e7\u00e3o Tribut\u00e1ria, e Fernanda Queiroz, chefe da [&hellip;]<\/p>\n","protected":false},"author":2,"featured_media":20223,"comment_status":"open","ping_status":"open","sticky":true,"template":"","format":"standard","meta":{"footnotes":""},"categories":[838],"tags":[1896],"class_list":["post-20222","post","type-post","status-publish","format-standard","has-post-thumbnail","hentry","category-arraial-do-cabo","tag-destaque"],"_links":{"self":[{"href":"https:\/\/blogdodanielgalvao.com.br\/site\/wp-json\/wp\/v2\/posts\/20222","targetHints":{"allow":["GET"]}}],"collection":[{"href":"https:\/\/blogdodanielgalvao.com.br\/site\/wp-json\/wp\/v2\/posts"}],"about":[{"href":"https:\/\/blogdodanielgalvao.com.br\/site\/wp-json\/wp\/v2\/types\/post"}],"author":[{"embeddable":true,"href":"https:\/\/blogdodanielgalvao.com.br\/site\/wp-json\/wp\/v2\/users\/2"}],"replies":[{"embeddable":true,"href":"https:\/\/blogdodanielgalvao.com.br\/site\/wp-json\/wp\/v2\/comments?post=20222"}],"version-history":[{"count":1,"href":"https:\/\/blogdodanielgalvao.com.br\/site\/wp-json\/wp\/v2\/posts\/20222\/revisions"}],"predecessor-version":[{"id":20224,"href":"https:\/\/blogdodanielgalvao.com.br\/site\/wp-json\/wp\/v2\/posts\/20222\/revisions\/20224"}],"wp:featuredmedia":[{"embeddable":true,"href":"https:\/\/blogdodanielgalvao.com.br\/site\/wp-json\/wp\/v2\/media\/20223"}],"wp:attachment":[{"href":"https:\/\/blogdodanielgalvao.com.br\/site\/wp-json\/wp\/v2\/media?parent=20222"}],"wp:term":[{"taxonomy":"category","embeddable":true,"href":"https:\/\/blogdodanielgalvao.com.br\/site\/wp-json\/wp\/v2\/categories?post=20222"},{"taxonomy":"post_tag","embeddable":true,"href":"https:\/\/blogdodanielgalvao.com.br\/site\/wp-json\/wp\/v2\/tags?post=20222"}],"curies":[{"name":"wp","href":"https:\/\/api.w.org\/{rel}","templated":true}]}}