{"id":20217,"date":"2025-06-27T15:44:10","date_gmt":"2025-06-27T18:44:10","guid":{"rendered":"https:\/\/blogdodanielgalvao.com.br\/site\/?p=20217"},"modified":"2025-06-27T15:44:10","modified_gmt":"2025-06-27T18:44:10","slug":"com-pagamento-de-salarios-e-13o-campos-movimenta-r-176-milhoes","status":"publish","type":"post","link":"https:\/\/blogdodanielgalvao.com.br\/site\/com-pagamento-de-salarios-e-13o-campos-movimenta-r-176-milhoes\/","title":{"rendered":"Com pagamento de sal\u00e1rios e 13\u00ba, Campos movimenta R$ 176 milh\u00f5es"},"content":{"rendered":"<p>Os servidores da Prefeitura de Campos v\u00e3o receber na pr\u00f3xima segunda-feira (30), o sal\u00e1rio referente ao m\u00eas de junho e a primeira parcela do 13\u00ba sal\u00e1rio. A antecipa\u00e7\u00e3o, que ocorre desde 2021, segue o calend\u00e1rio anual divulgado pela administra\u00e7\u00e3o municipal no in\u00edcio deste ano.<\/p>\n<p>Com o pagamento, ser\u00e3o injetados R$ 176.594.984,53 na economia local \u2014 um valor significativo que contribui para o aquecimento do com\u00e9rcio e a manuten\u00e7\u00e3o de postos de trabalho em diversos setores.<\/p>\n<p>Recebem os vencimentos nesta segunda-feira os servidores efetivos (concursados), comissionados, estagi\u00e1rios, conselheiros tutelares e prestadores de servi\u00e7o. A medida refor\u00e7a o compromisso da Prefeitura com a pontualidade e valoriza\u00e7\u00e3o do funcionalismo p\u00fablico.<\/p>\n<p>\u201cDesde 2021, os servidores voltaram a receber a primeira parcela do 13\u00ba sal\u00e1rio antecipadamente e est\u00e3o recebendo os sal\u00e1rios em dia. Dessa forma, a Prefeitura cumpre com sua obriga\u00e7\u00e3o de pagar em dia e os servidores podem fazer seus planejamentos contando com o pagamento naquele dia\u201d, explicou o secret\u00e1rio de Gest\u00e3o de Pessoas e Governan\u00e7a Digital, Fellipe Augusto Almeida.<\/p>\n<p>\u201cFicamos muito felizes em cumprir com a obriga\u00e7\u00e3o do munic\u00edpio de estar, mais um m\u00eas, pagando em dia os servidores e, tamb\u00e9m, seguir antecipando a primeira parcela do 13\u00ba sal\u00e1rio. Desta forma, os servidores contribuem para aquecer a economia, seja fazendo compras ou efetuando seus pagamentos. Al\u00e9m disso, estamos em uma temporada de festas, que acabam movimentando toda cadeia produtiva\u201d, informa Fellipe.<\/p>\n<p>O pagamento do funcionalismo municipal contribuiu para a movimenta\u00e7\u00e3o, principalmente, em setores como Com\u00e9rcio e Servi\u00e7os, como \u00e9 poss\u00edvel registrar nos dias seguintes ao pagamento. Estabelecimentos comerciais que trabalham com produtos de festas e vestu\u00e1rio tamb\u00e9m registram movimento maior neste per\u00edodo, com as festas juninas e julinas, al\u00e9m de shows regionais e nacionais em Campos e regi\u00e3o.<\/p>\n","protected":false},"excerpt":{"rendered":"<p>Os servidores da Prefeitura de Campos v\u00e3o receber na pr\u00f3xima segunda-feira (30), o sal\u00e1rio referente ao m\u00eas de junho e a primeira parcela do 13\u00ba sal\u00e1rio. A antecipa\u00e7\u00e3o, que ocorre desde 2021, segue o calend\u00e1rio anual divulgado pela administra\u00e7\u00e3o municipal no in\u00edcio deste ano. Com o pagamento, ser\u00e3o injetados R$ 176.594.984,53 na economia local \u2014 [&hellip;]<\/p>\n","protected":false},"author":2,"featured_media":20219,"comment_status":"open","ping_status":"open","sticky":true,"template":"","format":"standard","meta":{"footnotes":""},"categories":[3],"tags":[],"class_list":["post-20217","post","type-post","status-publish","format-standard","has-post-thumbnail","hentry","category-campos"],"_links":{"self":[{"href":"https:\/\/blogdodanielgalvao.com.br\/site\/wp-json\/wp\/v2\/posts\/20217","targetHints":{"allow":["GET"]}}],"collection":[{"href":"https:\/\/blogdodanielgalvao.com.br\/site\/wp-json\/wp\/v2\/posts"}],"about":[{"href":"https:\/\/blogdodanielgalvao.com.br\/site\/wp-json\/wp\/v2\/types\/post"}],"author":[{"embeddable":true,"href":"https:\/\/blogdodanielgalvao.com.br\/site\/wp-json\/wp\/v2\/users\/2"}],"replies":[{"embeddable":true,"href":"https:\/\/blogdodanielgalvao.com.br\/site\/wp-json\/wp\/v2\/comments?post=20217"}],"version-history":[{"count":1,"href":"https:\/\/blogdodanielgalvao.com.br\/site\/wp-json\/wp\/v2\/posts\/20217\/revisions"}],"predecessor-version":[{"id":20220,"href":"https:\/\/blogdodanielgalvao.com.br\/site\/wp-json\/wp\/v2\/posts\/20217\/revisions\/20220"}],"wp:featuredmedia":[{"embeddable":true,"href":"https:\/\/blogdodanielgalvao.com.br\/site\/wp-json\/wp\/v2\/media\/20219"}],"wp:attachment":[{"href":"https:\/\/blogdodanielgalvao.com.br\/site\/wp-json\/wp\/v2\/media?parent=20217"}],"wp:term":[{"taxonomy":"category","embeddable":true,"href":"https:\/\/blogdodanielgalvao.com.br\/site\/wp-json\/wp\/v2\/categories?post=20217"},{"taxonomy":"post_tag","embeddable":true,"href":"https:\/\/blogdodanielgalvao.com.br\/site\/wp-json\/wp\/v2\/tags?post=20217"}],"curies":[{"name":"wp","href":"https:\/\/api.w.org\/{rel}","templated":true}]}}