{"id":20213,"date":"2025-06-27T15:27:48","date_gmt":"2025-06-27T18:27:48","guid":{"rendered":"https:\/\/blogdodanielgalvao.com.br\/site\/?p=20213"},"modified":"2025-06-27T15:27:48","modified_gmt":"2025-06-27T18:27:48","slug":"profissionais-da-atencao-primaria-em-cabo-frio-recebem-formacao-para-qualificar-acolhimento-neonatal","status":"publish","type":"post","link":"https:\/\/blogdodanielgalvao.com.br\/site\/profissionais-da-atencao-primaria-em-cabo-frio-recebem-formacao-para-qualificar-acolhimento-neonatal\/","title":{"rendered":"Profissionais da Aten\u00e7\u00e3o Prim\u00e1ria em Cabo Frio recebem forma\u00e7\u00e3o para qualificar acolhimento neonatal"},"content":{"rendered":"<p>Com foco na qualifica\u00e7\u00e3o cont\u00ednua dos profissionais da rede municipal de sa\u00fade, a Secretaria de Sa\u00fade de Cabo Frio promove uma s\u00e9rie de treinamentos voltados para a melhoria dos servi\u00e7os prestados \u00e0 popula\u00e7\u00e3o. Nesta etapa, cerca de 42 m\u00e9dicos da Aten\u00e7\u00e3o B\u00e1sica participaram de uma capacita\u00e7\u00e3o espec\u00edfica sobre o atendimento ao rec\u00e9m-nascido.<\/p>\n<p>A forma\u00e7\u00e3o foi realizada no audit\u00f3rio da Universidade do Estado do Rio de Janeiro (UERJ) e teve como objetivo atualizar os profissionais a partir da perspectiva da Medicina de Fam\u00edlia e Comunidade. Entre os assuntos abordados estiveram os principais desafios do per\u00edodo neonatal, redu\u00e7\u00e3o da mortalidade infantil, acolhimento \u00e0 dupla m\u00e3e-beb\u00ea, protocolos da primeira consulta, identifica\u00e7\u00e3o de situa\u00e7\u00f5es de risco e vulnerabilidade, est\u00edmulo \u00e0 amamenta\u00e7\u00e3o, avalia\u00e7\u00e3o cl\u00ednica do beb\u00ea, imuniza\u00e7\u00e3o, preven\u00e7\u00e3o de acidentes e ferramentas aplicadas na Aten\u00e7\u00e3o Prim\u00e1ria \u00e0 Sa\u00fade.<\/p>\n<p>As aulas foram conduzidas pelos m\u00e9dicos Samuel Alencar, respons\u00e1vel t\u00e9cnico da regional Tamoios, e Bianca Siqueira, respons\u00e1vel t\u00e9cnica m\u00e9dica da Aten\u00e7\u00e3o B\u00e1sica na regi\u00e3o do Grande Jardim.<\/p>\n<p>Segundo Bianca, a qualifica\u00e7\u00e3o tem papel fundamental na prepara\u00e7\u00e3o das equipes para o cuidado integral aos rec\u00e9m-nascidos: \u201cCapacitar \u00e9 garantir seguran\u00e7a no atendimento e refor\u00e7ar a aten\u00e7\u00e3o \u00e0 sa\u00fade infantil desde os primeiros dias de vida, contribuindo para a preven\u00e7\u00e3o de complica\u00e7\u00f5es e para o v\u00ednculo com a fam\u00edlia.\u201d<\/p>\n<p>As atividades formativas seguem at\u00e9 o m\u00eas de julho e contemplam diferentes categorias da rede municipal.<\/p>\n<p>\u201cInvestir na capacita\u00e7\u00e3o dos profissionais \u00e9 investir na qualidade da assist\u00eancia que oferecemos. As a\u00e7\u00f5es de junho e julho t\u00eam como finalidade aprimorar o conhecimento t\u00e9cnico e, com isso, fortalecer o servi\u00e7o p\u00fablico de sa\u00fade\u201d, destacou Sandra Rabelo, secret\u00e1ria adjunta de Vigil\u00e2ncia em Sa\u00fade e Aten\u00e7\u00e3o Prim\u00e1ria.<\/p>\n<p>Na pr\u00f3xima quarta-feira (2), ser\u00e1 a vez dos enfermeiros da rede participarem da capacita\u00e7\u00e3o, tamb\u00e9m no audit\u00f3rio da UERJ, a partir das 9h, com o mesmo tema: \u201cPrimeira Consulta do Rec\u00e9m-Nascido\u201d, sob condu\u00e7\u00e3o da coordenadora de Sa\u00fade Materno-Infantil,\u00a0Marcella\u00a0Vidal.<\/p>\n","protected":false},"excerpt":{"rendered":"<p>Com foco na qualifica\u00e7\u00e3o cont\u00ednua dos profissionais da rede municipal de sa\u00fade, a Secretaria de Sa\u00fade de Cabo Frio promove uma s\u00e9rie de treinamentos voltados para a melhoria dos servi\u00e7os prestados \u00e0 popula\u00e7\u00e3o. Nesta etapa, cerca de 42 m\u00e9dicos da Aten\u00e7\u00e3o B\u00e1sica participaram de uma capacita\u00e7\u00e3o espec\u00edfica sobre o atendimento ao rec\u00e9m-nascido. A forma\u00e7\u00e3o foi [&hellip;]<\/p>\n","protected":false},"author":2,"featured_media":20214,"comment_status":"open","ping_status":"open","sticky":true,"template":"","format":"standard","meta":{"footnotes":""},"categories":[340],"tags":[1896],"class_list":["post-20213","post","type-post","status-publish","format-standard","has-post-thumbnail","hentry","category-cabo-frio","tag-destaque"],"_links":{"self":[{"href":"https:\/\/blogdodanielgalvao.com.br\/site\/wp-json\/wp\/v2\/posts\/20213","targetHints":{"allow":["GET"]}}],"collection":[{"href":"https:\/\/blogdodanielgalvao.com.br\/site\/wp-json\/wp\/v2\/posts"}],"about":[{"href":"https:\/\/blogdodanielgalvao.com.br\/site\/wp-json\/wp\/v2\/types\/post"}],"author":[{"embeddable":true,"href":"https:\/\/blogdodanielgalvao.com.br\/site\/wp-json\/wp\/v2\/users\/2"}],"replies":[{"embeddable":true,"href":"https:\/\/blogdodanielgalvao.com.br\/site\/wp-json\/wp\/v2\/comments?post=20213"}],"version-history":[{"count":1,"href":"https:\/\/blogdodanielgalvao.com.br\/site\/wp-json\/wp\/v2\/posts\/20213\/revisions"}],"predecessor-version":[{"id":20215,"href":"https:\/\/blogdodanielgalvao.com.br\/site\/wp-json\/wp\/v2\/posts\/20213\/revisions\/20215"}],"wp:featuredmedia":[{"embeddable":true,"href":"https:\/\/blogdodanielgalvao.com.br\/site\/wp-json\/wp\/v2\/media\/20214"}],"wp:attachment":[{"href":"https:\/\/blogdodanielgalvao.com.br\/site\/wp-json\/wp\/v2\/media?parent=20213"}],"wp:term":[{"taxonomy":"category","embeddable":true,"href":"https:\/\/blogdodanielgalvao.com.br\/site\/wp-json\/wp\/v2\/categories?post=20213"},{"taxonomy":"post_tag","embeddable":true,"href":"https:\/\/blogdodanielgalvao.com.br\/site\/wp-json\/wp\/v2\/tags?post=20213"}],"curies":[{"name":"wp","href":"https:\/\/api.w.org\/{rel}","templated":true}]}}