{"id":20100,"date":"2025-06-25T17:06:38","date_gmt":"2025-06-25T20:06:38","guid":{"rendered":"https:\/\/blogdodanielgalvao.com.br\/site\/?p=20100"},"modified":"2025-06-25T17:06:38","modified_gmt":"2025-06-25T20:06:38","slug":"jornada-das-infancias-traz-inclusao-e-valorizacao-da-cultura-negra-em-arraial-do-cabo","status":"publish","type":"post","link":"https:\/\/blogdodanielgalvao.com.br\/site\/jornada-das-infancias-traz-inclusao-e-valorizacao-da-cultura-negra-em-arraial-do-cabo\/","title":{"rendered":"Jornada das Inf\u00e2ncias traz inclus\u00e3o e valoriza\u00e7\u00e3o da cultura negra em Arraial do Cabo"},"content":{"rendered":"<p>Arraial do Cabo recebe, nos dias 26 e 27 de junho, a segunda edi\u00e7\u00e3o da Jornada das Inf\u00e2ncias, evento gratuito que promete duas jornadas repletas de divers\u00e3o, cultura e aprendizado para o p\u00fablico infantil. A programa\u00e7\u00e3o, que come\u00e7a \u00e0s 9h, ser\u00e1 realizada em frente ao Est\u00e1dio Hermenegildo Barcellos, com acesso aberto a toda a popula\u00e7\u00e3o.<\/p>\n<p>O evento ter\u00e1 estandes com oficinas que estimulam a curiosidade, a pesquisa, a investiga\u00e7\u00e3o e a experimenta\u00e7\u00e3o. Entre as atividades, destacam-se espa\u00e7os para leitura de cl\u00e1ssicos liter\u00e1rios, pintura facial, origami, circuitos esportivos e brincadeiras tradicionais.<\/p>\n<p>Um dos grandes atrativos desta edi\u00e7\u00e3o \u00e9 a Tenda Antirracista, que promove atividades de pintura focadas na valoriza\u00e7\u00e3o da cultura negra desde a inf\u00e2ncia. Al\u00e9m disso, haver\u00e1 um espa\u00e7o multifuncional pensado para garantir inclus\u00e3o e acessibilidade, equipado com materiais did\u00e1ticos adaptados para as necessidades diversas das crian\u00e7as.<\/p>\n<p>A programa\u00e7\u00e3o cultural inclui shows de grupos conhecidos do p\u00fablico infantil, como Galinha Pintadinha, 3 Palavrinhas, Maria Clara e JP, Gato Gal\u00e1tico, Kysha e Mine. No dia 26, as apresenta\u00e7\u00f5es acontecem \u00e0s 10h, 15h e 17h30; j\u00e1 no dia 27, os shows est\u00e3o programados para as 17h30 e 19h30.<\/p>\n<p>Quanto \u00e0 participa\u00e7\u00e3o das crian\u00e7as da rede municipal, a organiza\u00e7\u00e3o segue crit\u00e9rios de faixa et\u00e1ria: alunos das creches I a IV devem estar acompanhados por pais ou respons\u00e1veis durante todo o evento, enquanto as turmas do Pr\u00e9 I e Pr\u00e9 II participar\u00e3o na sexta-feira (27) sob supervis\u00e3o das equipes\u00a0escolares.<\/p>\n","protected":false},"excerpt":{"rendered":"<p>Arraial do Cabo recebe, nos dias 26 e 27 de junho, a segunda edi\u00e7\u00e3o da Jornada das Inf\u00e2ncias, evento gratuito que promete duas jornadas repletas de divers\u00e3o, cultura e aprendizado para o p\u00fablico infantil. A programa\u00e7\u00e3o, que come\u00e7a \u00e0s 9h, ser\u00e1 realizada em frente ao Est\u00e1dio Hermenegildo Barcellos, com acesso aberto a toda a popula\u00e7\u00e3o. [&hellip;]<\/p>\n","protected":false},"author":2,"featured_media":20101,"comment_status":"open","ping_status":"open","sticky":true,"template":"","format":"standard","meta":{"footnotes":""},"categories":[838],"tags":[1896],"class_list":["post-20100","post","type-post","status-publish","format-standard","has-post-thumbnail","hentry","category-arraial-do-cabo","tag-destaque"],"_links":{"self":[{"href":"https:\/\/blogdodanielgalvao.com.br\/site\/wp-json\/wp\/v2\/posts\/20100","targetHints":{"allow":["GET"]}}],"collection":[{"href":"https:\/\/blogdodanielgalvao.com.br\/site\/wp-json\/wp\/v2\/posts"}],"about":[{"href":"https:\/\/blogdodanielgalvao.com.br\/site\/wp-json\/wp\/v2\/types\/post"}],"author":[{"embeddable":true,"href":"https:\/\/blogdodanielgalvao.com.br\/site\/wp-json\/wp\/v2\/users\/2"}],"replies":[{"embeddable":true,"href":"https:\/\/blogdodanielgalvao.com.br\/site\/wp-json\/wp\/v2\/comments?post=20100"}],"version-history":[{"count":1,"href":"https:\/\/blogdodanielgalvao.com.br\/site\/wp-json\/wp\/v2\/posts\/20100\/revisions"}],"predecessor-version":[{"id":20102,"href":"https:\/\/blogdodanielgalvao.com.br\/site\/wp-json\/wp\/v2\/posts\/20100\/revisions\/20102"}],"wp:featuredmedia":[{"embeddable":true,"href":"https:\/\/blogdodanielgalvao.com.br\/site\/wp-json\/wp\/v2\/media\/20101"}],"wp:attachment":[{"href":"https:\/\/blogdodanielgalvao.com.br\/site\/wp-json\/wp\/v2\/media?parent=20100"}],"wp:term":[{"taxonomy":"category","embeddable":true,"href":"https:\/\/blogdodanielgalvao.com.br\/site\/wp-json\/wp\/v2\/categories?post=20100"},{"taxonomy":"post_tag","embeddable":true,"href":"https:\/\/blogdodanielgalvao.com.br\/site\/wp-json\/wp\/v2\/tags?post=20100"}],"curies":[{"name":"wp","href":"https:\/\/api.w.org\/{rel}","templated":true}]}}