{"id":20094,"date":"2025-06-25T17:00:49","date_gmt":"2025-06-25T20:00:49","guid":{"rendered":"https:\/\/blogdodanielgalvao.com.br\/site\/?p=20094"},"modified":"2025-06-25T17:00:49","modified_gmt":"2025-06-25T20:00:49","slug":"festival-de-jazz-e-blues-de-rio-das-ostras-movimenta-r-84-milhoes-no-feriado","status":"publish","type":"post","link":"https:\/\/blogdodanielgalvao.com.br\/site\/festival-de-jazz-e-blues-de-rio-das-ostras-movimenta-r-84-milhoes-no-feriado\/","title":{"rendered":"Festival de Jazz e Blues de Rio das Ostras movimenta R$ 8,4 milh\u00f5es no feriado"},"content":{"rendered":"<p>A Prefeitura de Rio das Ostras divulgou um balan\u00e7o da movimenta\u00e7\u00e3o econ\u00f4mica gerada pelo Rio das Ostras Jazz &amp; Blues Festival, realizado no \u00faltimo feriado prolongado de Corpus Christi, e que teria atingido a marca de 8,4 milh\u00f5es de reais.<\/p>\n<p>Os n\u00fameros foram divulgados na tarde dessa quarta-feira, 25, com base em uma pesquisa feita pela Secretaria de Desenvolvimento Econ\u00f4mico e Turismo, ressaltando o evento que, pela 1\u00aa vez em 21 edi\u00e7\u00f5es, foi totalmente financiado pela iniciativa privada.<\/p>\n<p>Segundo o munic\u00edpio, a pesquisa foi realizada com o p\u00fablico presente nos locais durante as apresenta\u00e7\u00f5es nos 5 palcos do evento, mapeando o perfil dos turistas, meios de transporte, tipo de hospedagem e percep\u00e7\u00e3o dos servi\u00e7os locais.<\/p>\n<p>De acordo com o estudo, a cidade registrou 90% de ocupa\u00e7\u00e3o hoteleira durante o festival, com a maioria dos visitantes, cerca de 69,2%, declarando terem vindo da capital fluminense, utilizando o carro como principal meio de transporte.<\/p>\n<p>O estudo revelou ainda que o transporte rodovi\u00e1rio regular foi o 2\u00ba meio de transporte mais utilizado pelos turistas que vieram curtir o festival, com 21,4%, seguido de motocicleta e outras formas, ambos com 4,7%.<\/p>\n<p>Em rela\u00e7\u00e3o \u00e0 hospedagem, a prefeitura revelou que 46,9% dos entrevistados ficaram na casa de amigos ou parentes, enquanto 22,8% optaram por hot\u00e9is ou pousadas e 15,6%, em plataformas de aluguel de curta dura\u00e7\u00e3o, como Airbnb, e 11,6%, em casas de veraneio, com apenas 3,1% optando por alugu\u00e9is de temporada.<\/p>\n<p>A pesquisa mostrou tamb\u00e9m que o Rio das Ostras Jazz &amp; Blues Festival foi o principal motivo para a escolha da visita de 62,8% dos turistas da cidade durante o feriado prolongado que terminou no \u00faltimo domingo, 22.<\/p>\n<p>Sobre a experi\u00eancia geral do evento, 64,5% afirmaram que a expectativa foi superada, e 30,4% relataram que suas expectativas foram totalmente atendidas, com apenas 0,3% afirmando que n\u00e3o tiveram suas expectativas correspondidas.<\/p>\n<p>\u201cConseguimos realizar um festival de grande porte com patroc\u00ednio 100% da iniciativa privada, o que reduz custos para os cofres p\u00fablicos e estimula a parceria com o setor produtivo. O resultado mostra que o turismo pode e deve ser um vetor de desenvolvimento econ\u00f4mico. Com certeza, um passo importante para consolidar o modelo sustent\u00e1vel de grandes eventos culturais\u201d, avaliou o secret\u00e1rio de Desenvolvimento Econ\u00f4mico e Turismo, Rodrigo Peleteiro (DC).<\/p>\n","protected":false},"excerpt":{"rendered":"<p>A Prefeitura de Rio das Ostras divulgou um balan\u00e7o da movimenta\u00e7\u00e3o econ\u00f4mica gerada pelo Rio das Ostras Jazz &amp; Blues Festival, realizado no \u00faltimo feriado prolongado de Corpus Christi, e que teria atingido a marca de 8,4 milh\u00f5es de reais. Os n\u00fameros foram divulgados na tarde dessa quarta-feira, 25, com base em uma pesquisa feita [&hellip;]<\/p>\n","protected":false},"author":2,"featured_media":20095,"comment_status":"open","ping_status":"open","sticky":true,"template":"","format":"standard","meta":{"footnotes":""},"categories":[4],"tags":[1896],"class_list":["post-20094","post","type-post","status-publish","format-standard","has-post-thumbnail","hentry","category-rio-das-ostras","tag-destaque"],"_links":{"self":[{"href":"https:\/\/blogdodanielgalvao.com.br\/site\/wp-json\/wp\/v2\/posts\/20094","targetHints":{"allow":["GET"]}}],"collection":[{"href":"https:\/\/blogdodanielgalvao.com.br\/site\/wp-json\/wp\/v2\/posts"}],"about":[{"href":"https:\/\/blogdodanielgalvao.com.br\/site\/wp-json\/wp\/v2\/types\/post"}],"author":[{"embeddable":true,"href":"https:\/\/blogdodanielgalvao.com.br\/site\/wp-json\/wp\/v2\/users\/2"}],"replies":[{"embeddable":true,"href":"https:\/\/blogdodanielgalvao.com.br\/site\/wp-json\/wp\/v2\/comments?post=20094"}],"version-history":[{"count":1,"href":"https:\/\/blogdodanielgalvao.com.br\/site\/wp-json\/wp\/v2\/posts\/20094\/revisions"}],"predecessor-version":[{"id":20096,"href":"https:\/\/blogdodanielgalvao.com.br\/site\/wp-json\/wp\/v2\/posts\/20094\/revisions\/20096"}],"wp:featuredmedia":[{"embeddable":true,"href":"https:\/\/blogdodanielgalvao.com.br\/site\/wp-json\/wp\/v2\/media\/20095"}],"wp:attachment":[{"href":"https:\/\/blogdodanielgalvao.com.br\/site\/wp-json\/wp\/v2\/media?parent=20094"}],"wp:term":[{"taxonomy":"category","embeddable":true,"href":"https:\/\/blogdodanielgalvao.com.br\/site\/wp-json\/wp\/v2\/categories?post=20094"},{"taxonomy":"post_tag","embeddable":true,"href":"https:\/\/blogdodanielgalvao.com.br\/site\/wp-json\/wp\/v2\/tags?post=20094"}],"curies":[{"name":"wp","href":"https:\/\/api.w.org\/{rel}","templated":true}]}}