{"id":20084,"date":"2025-06-25T16:40:43","date_gmt":"2025-06-25T19:40:43","guid":{"rendered":"https:\/\/blogdodanielgalvao.com.br\/site\/?p=20084"},"modified":"2025-06-25T16:40:43","modified_gmt":"2025-06-25T19:40:43","slug":"asfaltamento-e-revitalizacao-comecam-nesta-semana-em-vias-estrategicas-de-cabo-frio","status":"publish","type":"post","link":"https:\/\/blogdodanielgalvao.com.br\/site\/asfaltamento-e-revitalizacao-comecam-nesta-semana-em-vias-estrategicas-de-cabo-frio\/","title":{"rendered":"Asfaltamento e revitaliza\u00e7\u00e3o come\u00e7am nesta semana em vias estrat\u00e9gicas de Cabo Frio"},"content":{"rendered":"<p>A partir desta quinta-feira (26), Cabo Frio inicia as interven\u00e7\u00f5es de reurbaniza\u00e7\u00e3o no centro da cidade, come\u00e7ando pela Avenida J\u00falia Kubitschek. Em seguida, os trabalhos avan\u00e7ar\u00e3o pela Avenida Teixeira e Souza e pela Avenida Nossa Senhora da Assun\u00e7\u00e3o, com previs\u00e3o de conclus\u00e3o em at\u00e9 180 dias. A iniciativa inclui fresagem e recapeamento asf\u00e1ltico, requalifica\u00e7\u00e3o das cal\u00e7adas e instala\u00e7\u00e3o de sinaliza\u00e7\u00e3o horizontal nas principais vias da regi\u00e3o central.<\/p>\n<p>O lan\u00e7amento oficial ocorreu na \u00faltima quarta-feira (25), na Pra\u00e7a Porto Rocha, com a presen\u00e7a do prefeito Dr. Serginho (PL), do governador em exerc\u00edcio Rodrigo Bacellar (Uni\u00e3o), al\u00e9m de deputados estaduais, vereadores, secret\u00e1rios municipais e outros prefeitos da regi\u00e3o. A parceria entre Prefeitura e Governo do Estado refor\u00e7a o compromisso com melhorias na mobilidade urbana e qualidade de vida da popula\u00e7\u00e3o.<\/p>\n<p>Durante o evento, o prefeito destacou a import\u00e2ncia do trabalho conjunto e enfatizou que, apesar dos transtornos tempor\u00e1rios que as obras possam causar, elas s\u00e3o essenciais para o desenvolvimento urbano do munic\u00edpio. \u201cEstamos planejando cada fase com rigor t\u00e9cnico, respeitando limites de ru\u00eddo e evitando interven\u00e7\u00f5es noturnas para preservar o bem-estar dos moradores\u201d, explicou Serginho.<\/p>\n<p>Al\u00e9m das interven\u00e7\u00f5es no centro, o prefeito anunciou o in\u00edcio simult\u00e2neo de servi\u00e7os de asfaltamento em bairros como Jardim Esperan\u00e7a e Tangar\u00e1, assim como a reforma do Teatro Municipal. Ele tamb\u00e9m lembrou das dificuldades financeiras encontradas no in\u00edcio da gest\u00e3o e agradeceu o apoio do governador Bacellar na libera\u00e7\u00e3o de recursos emergenciais para a cidade.<\/p>\n<p>Rodrigo Bacellar, por sua vez, ressaltou o papel estrat\u00e9gico de Cabo Frio, destacando a continuidade dos investimentos estaduais na cidade. \u201cCom sua import\u00e2ncia hist\u00f3rica e tur\u00edstica, Cabo Frio seguir\u00e1 recebendo aten\u00e7\u00e3o especial e recursos do Governo do Estado\u201d, afirmou. O governador em exerc\u00edcio confirmou tamb\u00e9m obras previstas para a entrada do munic\u00edpio e demais projetos nos bairros Jardim Esperan\u00e7a e Tangar\u00e1.<\/p>\n<p>Outra novidade anunciada foi a entrega de cerca de 800 novas viaturas para a Pol\u00edcia Militar em 2025, com parte delas destinadas \u00e0 Regi\u00e3o dos Lagos. Bacellar garantiu que o planejamento prioriza as demandas essenciais, mesmo diante de limita\u00e7\u00f5es or\u00e7ament\u00e1rias. \u201cTemos recursos limitados, mas trabalhamos com responsabilidade e foco nas prioridades. Cabo Frio pode contar com o Governo do Estado de portas abertas\u201d,\u00a0concluiu.<\/p>\n","protected":false},"excerpt":{"rendered":"<p>A partir desta quinta-feira (26), Cabo Frio inicia as interven\u00e7\u00f5es de reurbaniza\u00e7\u00e3o no centro da cidade, come\u00e7ando pela Avenida J\u00falia Kubitschek. Em seguida, os trabalhos avan\u00e7ar\u00e3o pela Avenida Teixeira e Souza e pela Avenida Nossa Senhora da Assun\u00e7\u00e3o, com previs\u00e3o de conclus\u00e3o em at\u00e9 180 dias. A iniciativa inclui fresagem e recapeamento asf\u00e1ltico, requalifica\u00e7\u00e3o das [&hellip;]<\/p>\n","protected":false},"author":2,"featured_media":20085,"comment_status":"open","ping_status":"open","sticky":true,"template":"","format":"standard","meta":{"footnotes":""},"categories":[340],"tags":[1896],"class_list":["post-20084","post","type-post","status-publish","format-standard","has-post-thumbnail","hentry","category-cabo-frio","tag-destaque"],"_links":{"self":[{"href":"https:\/\/blogdodanielgalvao.com.br\/site\/wp-json\/wp\/v2\/posts\/20084","targetHints":{"allow":["GET"]}}],"collection":[{"href":"https:\/\/blogdodanielgalvao.com.br\/site\/wp-json\/wp\/v2\/posts"}],"about":[{"href":"https:\/\/blogdodanielgalvao.com.br\/site\/wp-json\/wp\/v2\/types\/post"}],"author":[{"embeddable":true,"href":"https:\/\/blogdodanielgalvao.com.br\/site\/wp-json\/wp\/v2\/users\/2"}],"replies":[{"embeddable":true,"href":"https:\/\/blogdodanielgalvao.com.br\/site\/wp-json\/wp\/v2\/comments?post=20084"}],"version-history":[{"count":1,"href":"https:\/\/blogdodanielgalvao.com.br\/site\/wp-json\/wp\/v2\/posts\/20084\/revisions"}],"predecessor-version":[{"id":20086,"href":"https:\/\/blogdodanielgalvao.com.br\/site\/wp-json\/wp\/v2\/posts\/20084\/revisions\/20086"}],"wp:featuredmedia":[{"embeddable":true,"href":"https:\/\/blogdodanielgalvao.com.br\/site\/wp-json\/wp\/v2\/media\/20085"}],"wp:attachment":[{"href":"https:\/\/blogdodanielgalvao.com.br\/site\/wp-json\/wp\/v2\/media?parent=20084"}],"wp:term":[{"taxonomy":"category","embeddable":true,"href":"https:\/\/blogdodanielgalvao.com.br\/site\/wp-json\/wp\/v2\/categories?post=20084"},{"taxonomy":"post_tag","embeddable":true,"href":"https:\/\/blogdodanielgalvao.com.br\/site\/wp-json\/wp\/v2\/tags?post=20084"}],"curies":[{"name":"wp","href":"https:\/\/api.w.org\/{rel}","templated":true}]}}