{"id":20078,"date":"2025-06-25T16:28:14","date_gmt":"2025-06-25T19:28:14","guid":{"rendered":"https:\/\/blogdodanielgalvao.com.br\/site\/?p=20078"},"modified":"2025-06-25T16:28:14","modified_gmt":"2025-06-25T19:28:14","slug":"reducao-no-valor-da-gasolina-e-alvo-de-fiscalizacao-do-procon-esta-semana-em-arraial","status":"publish","type":"post","link":"https:\/\/blogdodanielgalvao.com.br\/site\/reducao-no-valor-da-gasolina-e-alvo-de-fiscalizacao-do-procon-esta-semana-em-arraial\/","title":{"rendered":"Redu\u00e7\u00e3o no valor da gasolina \u00e9 alvo de fiscaliza\u00e7\u00e3o do Procon esta semana em Arraial"},"content":{"rendered":"<p>O Procon de Arraial do Cabo realizou, ao longo desta semana, uma s\u00e9rie de visitas t\u00e9cnicas a postos de combust\u00edveis do munic\u00edpio para verificar se os consumidores est\u00e3o, de fato, sendo beneficiados pela recente redu\u00e7\u00e3o no pre\u00e7o da gasolina. A a\u00e7\u00e3o teve car\u00e1ter orientativo e preventivo, e integra as estrat\u00e9gias de fiscaliza\u00e7\u00e3o permanente do \u00f3rg\u00e3o de defesa do consumidor.<\/p>\n<p>Ao todo, foram fiscalizados cinco estabelecimentos: tr\u00eas localizados na regi\u00e3o central da cidade e dois em distritos. O objetivo foi conferir se o desconto de 5,6% no valor da gasolina, anunciado pela Petrobras e em vigor desde o dia 3 de junho, est\u00e1 sendo corretamente repassado pelas distribuidoras e refletido nos pre\u00e7os cobrados nas bombas.<\/p>\n<p>De acordo com dados divulgados pela pr\u00f3pria Petrobras, a redu\u00e7\u00e3o acumulada no pre\u00e7o da gasolina nas refinarias j\u00e1 chega a *17,5% desde dezembro de 2022*, o que representa um impacto direto no valor final do produto. No entanto, para que essa queda beneficie efetivamente os motoristas, \u00e9 necess\u00e1rio que todos os elos da cadeia \u2014 distribuidoras e postos revendedores \u2014 repassem os ajustes de forma transparente.<\/p>\n<p>Durante as visitas, as equipes do Procon tamb\u00e9m refor\u00e7aram orienta\u00e7\u00f5es aos propriet\u00e1rios e gerentes dos postos sobre a import\u00e2ncia da divulga\u00e7\u00e3o clara dos pre\u00e7os e do cumprimento do C\u00f3digo de Defesa do Consumidor. Segundo o \u00f3rg\u00e3o, todos os postos fiscalizados estavam aplicando corretamente os novos valores, o que foi considerado um resultado positivo da opera\u00e7\u00e3o.<\/p>\n<p>O coordenador do Procon de Arraial do Cabo, que acompanhou parte da a\u00e7\u00e3o, destacou que o trabalho de fiscaliza\u00e7\u00e3o seguir\u00e1 de forma cont\u00ednua em diferentes pontos da cidade. \u201cNosso compromisso \u00e9 assegurar que o consumidor n\u00e3o seja prejudicado e que as redu\u00e7\u00f5es cheguem at\u00e9 ele. A transpar\u00eancia nas rela\u00e7\u00f5es de consumo \u00e9 um direito b\u00e1sico e inegoci\u00e1vel\u201d, afirmou.<\/p>\n<p>O Procon refor\u00e7a que qualquer irregularidade pode ser denunciada pela popula\u00e7\u00e3o por meio do WhatsApp (22) 2622-1417 ou diretamente na sede do \u00f3rg\u00e3o, localizada na Avenida Leonel de Moura Brizola, s\/n, ao lado da Rodovi\u00e1ria de Arraial\u00a0do\u00a0Cabo.<\/p>\n","protected":false},"excerpt":{"rendered":"<p>O Procon de Arraial do Cabo realizou, ao longo desta semana, uma s\u00e9rie de visitas t\u00e9cnicas a postos de combust\u00edveis do munic\u00edpio para verificar se os consumidores est\u00e3o, de fato, sendo beneficiados pela recente redu\u00e7\u00e3o no pre\u00e7o da gasolina. A a\u00e7\u00e3o teve car\u00e1ter orientativo e preventivo, e integra as estrat\u00e9gias de fiscaliza\u00e7\u00e3o permanente do \u00f3rg\u00e3o [&hellip;]<\/p>\n","protected":false},"author":2,"featured_media":20079,"comment_status":"open","ping_status":"open","sticky":true,"template":"","format":"standard","meta":{"footnotes":""},"categories":[838],"tags":[1896],"class_list":["post-20078","post","type-post","status-publish","format-standard","has-post-thumbnail","hentry","category-arraial-do-cabo","tag-destaque"],"_links":{"self":[{"href":"https:\/\/blogdodanielgalvao.com.br\/site\/wp-json\/wp\/v2\/posts\/20078","targetHints":{"allow":["GET"]}}],"collection":[{"href":"https:\/\/blogdodanielgalvao.com.br\/site\/wp-json\/wp\/v2\/posts"}],"about":[{"href":"https:\/\/blogdodanielgalvao.com.br\/site\/wp-json\/wp\/v2\/types\/post"}],"author":[{"embeddable":true,"href":"https:\/\/blogdodanielgalvao.com.br\/site\/wp-json\/wp\/v2\/users\/2"}],"replies":[{"embeddable":true,"href":"https:\/\/blogdodanielgalvao.com.br\/site\/wp-json\/wp\/v2\/comments?post=20078"}],"version-history":[{"count":1,"href":"https:\/\/blogdodanielgalvao.com.br\/site\/wp-json\/wp\/v2\/posts\/20078\/revisions"}],"predecessor-version":[{"id":20080,"href":"https:\/\/blogdodanielgalvao.com.br\/site\/wp-json\/wp\/v2\/posts\/20078\/revisions\/20080"}],"wp:featuredmedia":[{"embeddable":true,"href":"https:\/\/blogdodanielgalvao.com.br\/site\/wp-json\/wp\/v2\/media\/20079"}],"wp:attachment":[{"href":"https:\/\/blogdodanielgalvao.com.br\/site\/wp-json\/wp\/v2\/media?parent=20078"}],"wp:term":[{"taxonomy":"category","embeddable":true,"href":"https:\/\/blogdodanielgalvao.com.br\/site\/wp-json\/wp\/v2\/categories?post=20078"},{"taxonomy":"post_tag","embeddable":true,"href":"https:\/\/blogdodanielgalvao.com.br\/site\/wp-json\/wp\/v2\/tags?post=20078"}],"curies":[{"name":"wp","href":"https:\/\/api.w.org\/{rel}","templated":true}]}}