{"id":20074,"date":"2025-06-25T16:20:27","date_gmt":"2025-06-25T19:20:27","guid":{"rendered":"https:\/\/blogdodanielgalvao.com.br\/site\/?p=20074"},"modified":"2025-06-25T16:20:27","modified_gmt":"2025-06-25T19:20:27","slug":"pescadores-disputam-copa-atcheza-na-prainha-em-arraial-do-cabo","status":"publish","type":"post","link":"https:\/\/blogdodanielgalvao.com.br\/site\/pescadores-disputam-copa-atcheza-na-prainha-em-arraial-do-cabo\/","title":{"rendered":"Pescadores disputam Copa Atcheza na Prainha em Arraial do Cabo"},"content":{"rendered":"<p>Neste domingo (29), a cidade celebra o Dia do Pescador com uma programa\u00e7\u00e3o especial que une f\u00e9, esporte tradicional e valoriza\u00e7\u00e3o da cultura cai\u00e7ara. A Prainha ser\u00e1 palco da *1\u00aa Copa Atcheza de Canoa de Bo\u00e7arda*, competi\u00e7\u00e3o que promete movimentar a orla com uma disputa simb\u00f3lica entre equipes da Prainha, da Praia Grande e do Pontal.<\/p>\n<p>A prova consiste em uma remada de 500 metros no mar, em que os times competem pelo menor tempo. Mais do que o trof\u00e9u, o objetivo \u00e9 manter viva uma tradi\u00e7\u00e3o que atravessa gera\u00e7\u00f5es entre os trabalhadores do mar. A atividade homenageia S\u00e3o Pedro, considerado padroeiro dos pescadores e figura central da data comemorativa.<\/p>\n<p>Paralelamente \u00e0 competi\u00e7\u00e3o, o p\u00fablico poder\u00e1 aproveitar a <strong>Feira do Caf\u00e9 com Peixe<\/strong>, que estar\u00e1 montada na beira da praia. O espa\u00e7o vai oferecer gastronomia t\u00edpica, artesanato local e atra\u00e7\u00f5es musicais, proporcionando um dia de celebra\u00e7\u00e3o para moradores e visitantes.<\/p>\n<p>A concentra\u00e7\u00e3o est\u00e1 marcada para as 10h. A organiza\u00e7\u00e3o convida a popula\u00e7\u00e3o a prestigiar o evento, ouvir as hist\u00f3rias dos pescadores e fortalecer o v\u00ednculo com as ra\u00edzes culturais\u00a0da\u00a0regi\u00e3o.<\/p>\n","protected":false},"excerpt":{"rendered":"<p>Neste domingo (29), a cidade celebra o Dia do Pescador com uma programa\u00e7\u00e3o especial que une f\u00e9, esporte tradicional e valoriza\u00e7\u00e3o da cultura cai\u00e7ara. A Prainha ser\u00e1 palco da *1\u00aa Copa Atcheza de Canoa de Bo\u00e7arda*, competi\u00e7\u00e3o que promete movimentar a orla com uma disputa simb\u00f3lica entre equipes da Prainha, da Praia Grande e do [&hellip;]<\/p>\n","protected":false},"author":2,"featured_media":20075,"comment_status":"open","ping_status":"open","sticky":true,"template":"","format":"standard","meta":{"footnotes":""},"categories":[838],"tags":[1896],"class_list":["post-20074","post","type-post","status-publish","format-standard","has-post-thumbnail","hentry","category-arraial-do-cabo","tag-destaque"],"_links":{"self":[{"href":"https:\/\/blogdodanielgalvao.com.br\/site\/wp-json\/wp\/v2\/posts\/20074","targetHints":{"allow":["GET"]}}],"collection":[{"href":"https:\/\/blogdodanielgalvao.com.br\/site\/wp-json\/wp\/v2\/posts"}],"about":[{"href":"https:\/\/blogdodanielgalvao.com.br\/site\/wp-json\/wp\/v2\/types\/post"}],"author":[{"embeddable":true,"href":"https:\/\/blogdodanielgalvao.com.br\/site\/wp-json\/wp\/v2\/users\/2"}],"replies":[{"embeddable":true,"href":"https:\/\/blogdodanielgalvao.com.br\/site\/wp-json\/wp\/v2\/comments?post=20074"}],"version-history":[{"count":1,"href":"https:\/\/blogdodanielgalvao.com.br\/site\/wp-json\/wp\/v2\/posts\/20074\/revisions"}],"predecessor-version":[{"id":20076,"href":"https:\/\/blogdodanielgalvao.com.br\/site\/wp-json\/wp\/v2\/posts\/20074\/revisions\/20076"}],"wp:featuredmedia":[{"embeddable":true,"href":"https:\/\/blogdodanielgalvao.com.br\/site\/wp-json\/wp\/v2\/media\/20075"}],"wp:attachment":[{"href":"https:\/\/blogdodanielgalvao.com.br\/site\/wp-json\/wp\/v2\/media?parent=20074"}],"wp:term":[{"taxonomy":"category","embeddable":true,"href":"https:\/\/blogdodanielgalvao.com.br\/site\/wp-json\/wp\/v2\/categories?post=20074"},{"taxonomy":"post_tag","embeddable":true,"href":"https:\/\/blogdodanielgalvao.com.br\/site\/wp-json\/wp\/v2\/tags?post=20074"}],"curies":[{"name":"wp","href":"https:\/\/api.w.org\/{rel}","templated":true}]}}