{"id":20007,"date":"2025-06-24T11:50:08","date_gmt":"2025-06-24T14:50:08","guid":{"rendered":"https:\/\/blogdodanielgalvao.com.br\/site\/?p=20007"},"modified":"2025-06-24T11:50:08","modified_gmt":"2025-06-24T14:50:08","slug":"adesao-ao-emprego-ja-cresce-124-e-anima-mercado-de-trabalho-em-cabo-frio","status":"publish","type":"post","link":"https:\/\/blogdodanielgalvao.com.br\/site\/adesao-ao-emprego-ja-cresce-124-e-anima-mercado-de-trabalho-em-cabo-frio\/","title":{"rendered":"Ades\u00e3o ao &#8220;Emprego J\u00e1!&#8221; cresce 124% e anima mercado de trabalho em Cabo Frio"},"content":{"rendered":"<p>A ades\u00e3o ao programa \u201cEmprego J\u00e1!\u201d, desenvolvido pela Prefeitura de Cabo Frio e gerido pela Secretaria Municipal de Desenvolvimento Econ\u00f4mico, continua em ritmo acelerado. Pela segunda semana seguida, o n\u00famero de pessoas cadastradas em busca de emprego no portal oficial (<strong><u><a href=\"http:\/\/www.cabofrio.rj.gov.br\/empregoja-empresas\">www.cabofrio.rj.gov.br\/empregoja-empresas<\/a><\/u><\/strong>) atingiu o maior volume desde o in\u00edcio do projeto.<\/p>\n<p>Na semana de 8 a 14 de junho, o sistema contabilizou 144 novos cadastros. J\u00e1 entre 15 e 21 de junho, o volume saltou para 323 curr\u00edculos recebidos \u2014 um aumento expressivo de 124%.<\/p>\n<p>Al\u00e9m do site, muitos candidatos tamb\u00e9m t\u00eam utilizado o WhatsApp (22) 99832-2974 para enviar curr\u00edculos ou esclarecer d\u00favidas sobre o funcionamento do programa. Na semana passada, a m\u00e9dia de atendimentos pelo aplicativo foi de 60 por dia, com pico de 112 atendimentos somente na ter\u00e7a-feira (17).<\/p>\n<p>Desde o in\u00edcio das atividades, em 26 de mar\u00e7o, o sistema j\u00e1 acumula 2.514 cadastros. A equipe do programa realiza semanalmente a triagem dos novos registros e das atualiza\u00e7\u00f5es recebidas, organizando o banco de dados por crit\u00e9rios como g\u00eanero, faixa et\u00e1ria, n\u00edvel de escolaridade e regi\u00e3o de resid\u00eancia.<\/p>\n<p>Em pouco mais de tr\u00eas meses, o \u201cEmprego J\u00e1!\u201d j\u00e1 viabilizou a contrata\u00e7\u00e3o de 44 profissionais. No momento, est\u00e3o cadastradas 88 empresas ativas, oferecendo 444 oportunidades em diferentes setores e bairros da cidade. As fun\u00e7\u00f5es com maior n\u00famero de vagas s\u00e3o:<\/p>\n<p>* Operador(a) de caixa: 59 oportunidades<\/p>\n<p>* Vendedor(a): 32 vagas<\/p>\n<p>* Motorista (CNH D ou E): 21 vagas<\/p>\n<p>* Gar\u00e7om\/Gar\u00e7onete: 20 vagas<\/p>\n<p>* Repositor(a): 17 vagas<\/p>\n<p>As empresas interessadas em divulgar vagas podem efetuar o cadastro no site: <strong><u><a href=\"http:\/\/www.cabofrio.rj.gov.br\/empregoja-empresas\">www.cabofrio.rj.gov.br\/empregoja-empresas<\/a><\/u><\/strong><\/p>\n<p><strong>\u00a0<\/strong><\/p>\n<p><strong>Resumo do balan\u00e7o semanal (15 a 21 de junho):<\/strong><\/p>\n<ul>\n<li>Total de vagas dispon\u00edveis: 444<\/li>\n<li>Empresas ativas: 88<\/li>\n<li>Novos cadastros na semana: 323<\/li>\n<li>Total de cadastros acumulados: 2.514<\/li>\n<li>Contrata\u00e7\u00f5es realizadas: 44<\/li>\n<li>M\u00e9dia di\u00e1ria de atendimentos via\u00a0WhatsApp:\u00a060<\/li>\n<\/ul>\n","protected":false},"excerpt":{"rendered":"<p>A ades\u00e3o ao programa \u201cEmprego J\u00e1!\u201d, desenvolvido pela Prefeitura de Cabo Frio e gerido pela Secretaria Municipal de Desenvolvimento Econ\u00f4mico, continua em ritmo acelerado. Pela segunda semana seguida, o n\u00famero de pessoas cadastradas em busca de emprego no portal oficial (www.cabofrio.rj.gov.br\/empregoja-empresas) atingiu o maior volume desde o in\u00edcio do projeto. Na semana de 8 a [&hellip;]<\/p>\n","protected":false},"author":2,"featured_media":20008,"comment_status":"open","ping_status":"open","sticky":true,"template":"","format":"standard","meta":{"footnotes":""},"categories":[340],"tags":[1896],"class_list":["post-20007","post","type-post","status-publish","format-standard","has-post-thumbnail","hentry","category-cabo-frio","tag-destaque"],"_links":{"self":[{"href":"https:\/\/blogdodanielgalvao.com.br\/site\/wp-json\/wp\/v2\/posts\/20007","targetHints":{"allow":["GET"]}}],"collection":[{"href":"https:\/\/blogdodanielgalvao.com.br\/site\/wp-json\/wp\/v2\/posts"}],"about":[{"href":"https:\/\/blogdodanielgalvao.com.br\/site\/wp-json\/wp\/v2\/types\/post"}],"author":[{"embeddable":true,"href":"https:\/\/blogdodanielgalvao.com.br\/site\/wp-json\/wp\/v2\/users\/2"}],"replies":[{"embeddable":true,"href":"https:\/\/blogdodanielgalvao.com.br\/site\/wp-json\/wp\/v2\/comments?post=20007"}],"version-history":[{"count":1,"href":"https:\/\/blogdodanielgalvao.com.br\/site\/wp-json\/wp\/v2\/posts\/20007\/revisions"}],"predecessor-version":[{"id":20009,"href":"https:\/\/blogdodanielgalvao.com.br\/site\/wp-json\/wp\/v2\/posts\/20007\/revisions\/20009"}],"wp:featuredmedia":[{"embeddable":true,"href":"https:\/\/blogdodanielgalvao.com.br\/site\/wp-json\/wp\/v2\/media\/20008"}],"wp:attachment":[{"href":"https:\/\/blogdodanielgalvao.com.br\/site\/wp-json\/wp\/v2\/media?parent=20007"}],"wp:term":[{"taxonomy":"category","embeddable":true,"href":"https:\/\/blogdodanielgalvao.com.br\/site\/wp-json\/wp\/v2\/categories?post=20007"},{"taxonomy":"post_tag","embeddable":true,"href":"https:\/\/blogdodanielgalvao.com.br\/site\/wp-json\/wp\/v2\/tags?post=20007"}],"curies":[{"name":"wp","href":"https:\/\/api.w.org\/{rel}","templated":true}]}}