{"id":20004,"date":"2025-06-24T11:34:18","date_gmt":"2025-06-24T14:34:18","guid":{"rendered":"https:\/\/blogdodanielgalvao.com.br\/site\/?p=20004"},"modified":"2025-06-24T11:34:18","modified_gmt":"2025-06-24T14:34:18","slug":"autores-cabo-frienses-participam-de-saraus-e-lancamentos-na-maior-feira-literaria-do-pais","status":"publish","type":"post","link":"https:\/\/blogdodanielgalvao.com.br\/site\/autores-cabo-frienses-participam-de-saraus-e-lancamentos-na-maior-feira-literaria-do-pais\/","title":{"rendered":"Autores cabo-frienses participam de saraus e lan\u00e7amentos na maior feira liter\u00e1ria do pa\u00eds"},"content":{"rendered":"<p>A Prefeitura de Cabo Frio, por meio da Secretaria Municipal de Cultura, participou de forma ativa da 22\u00aa Bienal do Livro Rio, reafirmando o compromisso com o incentivo \u00e0 leitura e a valoriza\u00e7\u00e3o dos autores locais. Como resultado, a Biblioteca Municipal Professor Walter Nogueira ir\u00e1 incorporar mais de 150 novos t\u00edtulos ao seu acervo.<\/p>\n<p>A aquisi\u00e7\u00e3o dos livros foi poss\u00edvel atrav\u00e9s do Bibliotecard, recurso disponibilizado pela Secretaria de Estado de Cultura e Economia Criativa do Rio de Janeiro, por meio da Lei Aldir Blanc, destinado \u00e0s bibliotecas p\u00fablicas inscritas no SEB-RJ.<\/p>\n<p>Ap\u00f3s a cataloga\u00e7\u00e3o, as novas obras estar\u00e3o dispon\u00edveis para empr\u00e9stimo gratuito, ampliando o acesso da popula\u00e7\u00e3o a uma variedade maior de literatura e conhecimento.<\/p>\n<p>Al\u00e9m do enriquecimento do acervo, o programa Passaporte Cultural levou uma delega\u00e7\u00e3o de autores de Cabo Frio e convidados \u00e0 Bienal. Os escritores locais integraram a programa\u00e7\u00e3o oficial do estande da SECEC, participando de saraus, lan\u00e7amentos de livros, sess\u00f5es de aut\u00f3grafos, conta\u00e7\u00e3o de hist\u00f3rias e outras atividades culturais.<\/p>\n<p>A 22\u00aa edi\u00e7\u00e3o da Bienal do Livro Rio foi realizada entre os dias 13 e 22 de junho, reunindo mais de 740 mil visitantes no RioCentro, na zona oeste do\u00a0Rio\u00a0de\u00a0Janeiro.<\/p>\n","protected":false},"excerpt":{"rendered":"<p>A Prefeitura de Cabo Frio, por meio da Secretaria Municipal de Cultura, participou de forma ativa da 22\u00aa Bienal do Livro Rio, reafirmando o compromisso com o incentivo \u00e0 leitura e a valoriza\u00e7\u00e3o dos autores locais. Como resultado, a Biblioteca Municipal Professor Walter Nogueira ir\u00e1 incorporar mais de 150 novos t\u00edtulos ao seu acervo. A [&hellip;]<\/p>\n","protected":false},"author":2,"featured_media":20005,"comment_status":"open","ping_status":"open","sticky":true,"template":"","format":"standard","meta":{"footnotes":""},"categories":[340],"tags":[1896],"class_list":["post-20004","post","type-post","status-publish","format-standard","has-post-thumbnail","hentry","category-cabo-frio","tag-destaque"],"_links":{"self":[{"href":"https:\/\/blogdodanielgalvao.com.br\/site\/wp-json\/wp\/v2\/posts\/20004","targetHints":{"allow":["GET"]}}],"collection":[{"href":"https:\/\/blogdodanielgalvao.com.br\/site\/wp-json\/wp\/v2\/posts"}],"about":[{"href":"https:\/\/blogdodanielgalvao.com.br\/site\/wp-json\/wp\/v2\/types\/post"}],"author":[{"embeddable":true,"href":"https:\/\/blogdodanielgalvao.com.br\/site\/wp-json\/wp\/v2\/users\/2"}],"replies":[{"embeddable":true,"href":"https:\/\/blogdodanielgalvao.com.br\/site\/wp-json\/wp\/v2\/comments?post=20004"}],"version-history":[{"count":1,"href":"https:\/\/blogdodanielgalvao.com.br\/site\/wp-json\/wp\/v2\/posts\/20004\/revisions"}],"predecessor-version":[{"id":20006,"href":"https:\/\/blogdodanielgalvao.com.br\/site\/wp-json\/wp\/v2\/posts\/20004\/revisions\/20006"}],"wp:featuredmedia":[{"embeddable":true,"href":"https:\/\/blogdodanielgalvao.com.br\/site\/wp-json\/wp\/v2\/media\/20005"}],"wp:attachment":[{"href":"https:\/\/blogdodanielgalvao.com.br\/site\/wp-json\/wp\/v2\/media?parent=20004"}],"wp:term":[{"taxonomy":"category","embeddable":true,"href":"https:\/\/blogdodanielgalvao.com.br\/site\/wp-json\/wp\/v2\/categories?post=20004"},{"taxonomy":"post_tag","embeddable":true,"href":"https:\/\/blogdodanielgalvao.com.br\/site\/wp-json\/wp\/v2\/tags?post=20004"}],"curies":[{"name":"wp","href":"https:\/\/api.w.org\/{rel}","templated":true}]}}