{"id":19881,"date":"2025-06-18T16:43:28","date_gmt":"2025-06-18T19:43:28","guid":{"rendered":"https:\/\/blogdodanielgalvao.com.br\/site\/?p=19881"},"modified":"2025-06-18T16:43:28","modified_gmt":"2025-06-18T19:43:28","slug":"desaparecimento-intriga-moradores-e-mobiliza-redes-sociais-em-cabo-frio","status":"publish","type":"post","link":"https:\/\/blogdodanielgalvao.com.br\/site\/desaparecimento-intriga-moradores-e-mobiliza-redes-sociais-em-cabo-frio\/","title":{"rendered":"Desaparecimento intriga moradores e mobiliza redes sociais em Cabo Frio"},"content":{"rendered":"<p>Desde o desaparecimento de Ad\u00e3o Fernandes Bersan, de 51 anos, a fam\u00edlia segue incans\u00e1vel nas buscas. Amigos, vizinhos e internautas v\u00eam se mobilizando nas redes sociais na tentativa de obter qualquer informa\u00e7\u00e3o que possa levar ao seu paradeiro. Um boletim de ocorr\u00eancia foi registrado assim que a aus\u00eancia prolongada foi percebida.<\/p>\n<p>Ad\u00e3o, que mora no bairro Manoel Corr\u00eaa, em Cabo Frio, foi visto pela \u00faltima vez no s\u00e1bado (7), por volta das 14h, quando saiu de casa sem dizer para onde ia. Desde ent\u00e3o, n\u00e3o houve mais contato ou not\u00edcias sobre seu destino.<\/p>\n<p>No momento em que desapareceu, ele vestia bermuda xadrez e blusa branca. Familiares informaram que Ad\u00e3o n\u00e3o apresenta hist\u00f3rico de transtornos psicol\u00f3gicos nem faz uso de medicamentos controlados, o que torna o sumi\u00e7o ainda mais inexplic\u00e1vel.<\/p>\n<p>A fam\u00edlia pede que qualquer informa\u00e7\u00e3o que possa contribuir com as buscas seja repassada diretamente pelo telefone (22) 99276-5328. Toda ajuda \u00e9 bem-vinda neste momento\u00a0de\u00a0ang\u00fastia.<\/p>\n","protected":false},"excerpt":{"rendered":"<p>Desde o desaparecimento de Ad\u00e3o Fernandes Bersan, de 51 anos, a fam\u00edlia segue incans\u00e1vel nas buscas. Amigos, vizinhos e internautas v\u00eam se mobilizando nas redes sociais na tentativa de obter qualquer informa\u00e7\u00e3o que possa levar ao seu paradeiro. Um boletim de ocorr\u00eancia foi registrado assim que a aus\u00eancia prolongada foi percebida. Ad\u00e3o, que mora no [&hellip;]<\/p>\n","protected":false},"author":2,"featured_media":19882,"comment_status":"open","ping_status":"open","sticky":true,"template":"","format":"standard","meta":{"footnotes":""},"categories":[340],"tags":[1896],"class_list":["post-19881","post","type-post","status-publish","format-standard","has-post-thumbnail","hentry","category-cabo-frio","tag-destaque"],"_links":{"self":[{"href":"https:\/\/blogdodanielgalvao.com.br\/site\/wp-json\/wp\/v2\/posts\/19881","targetHints":{"allow":["GET"]}}],"collection":[{"href":"https:\/\/blogdodanielgalvao.com.br\/site\/wp-json\/wp\/v2\/posts"}],"about":[{"href":"https:\/\/blogdodanielgalvao.com.br\/site\/wp-json\/wp\/v2\/types\/post"}],"author":[{"embeddable":true,"href":"https:\/\/blogdodanielgalvao.com.br\/site\/wp-json\/wp\/v2\/users\/2"}],"replies":[{"embeddable":true,"href":"https:\/\/blogdodanielgalvao.com.br\/site\/wp-json\/wp\/v2\/comments?post=19881"}],"version-history":[{"count":1,"href":"https:\/\/blogdodanielgalvao.com.br\/site\/wp-json\/wp\/v2\/posts\/19881\/revisions"}],"predecessor-version":[{"id":19883,"href":"https:\/\/blogdodanielgalvao.com.br\/site\/wp-json\/wp\/v2\/posts\/19881\/revisions\/19883"}],"wp:featuredmedia":[{"embeddable":true,"href":"https:\/\/blogdodanielgalvao.com.br\/site\/wp-json\/wp\/v2\/media\/19882"}],"wp:attachment":[{"href":"https:\/\/blogdodanielgalvao.com.br\/site\/wp-json\/wp\/v2\/media?parent=19881"}],"wp:term":[{"taxonomy":"category","embeddable":true,"href":"https:\/\/blogdodanielgalvao.com.br\/site\/wp-json\/wp\/v2\/categories?post=19881"},{"taxonomy":"post_tag","embeddable":true,"href":"https:\/\/blogdodanielgalvao.com.br\/site\/wp-json\/wp\/v2\/tags?post=19881"}],"curies":[{"name":"wp","href":"https:\/\/api.w.org\/{rel}","templated":true}]}}