{"id":19876,"date":"2025-06-18T16:25:28","date_gmt":"2025-06-18T19:25:28","guid":{"rendered":"https:\/\/blogdodanielgalvao.com.br\/site\/?p=19876"},"modified":"2025-06-18T16:25:28","modified_gmt":"2025-06-18T19:25:28","slug":"denuncia-anonima-em-arraial-do-cabo-leva-patrulha-maria-da-penha-a-flagrante-de-violencia-familiar","status":"publish","type":"post","link":"https:\/\/blogdodanielgalvao.com.br\/site\/denuncia-anonima-em-arraial-do-cabo-leva-patrulha-maria-da-penha-a-flagrante-de-violencia-familiar\/","title":{"rendered":"Den\u00fancia an\u00f4nima em Arraial do Cabo leva Patrulha Maria da Penha a flagrante de viol\u00eancia familiar"},"content":{"rendered":"<p>Nesta ter\u00e7a-feira (17), uma den\u00fancia an\u00f4nima mobilizou a Patrulha Maria da Penha em Arraial do Cabo para atender um caso de viol\u00eancia envolvendo crian\u00e7as. A opera\u00e7\u00e3o contou com o apoio da ROMU (Ronda Ostensiva Municipal) e do Proeis.<\/p>\n<p>Ao chegarem no local indicado, as equipes encontraram quatro crian\u00e7as que, conforme relatos de testemunhas, vinham sendo alvo de agress\u00f5es f\u00edsicas e psicol\u00f3gicas praticadas pela pr\u00f3pria m\u00e3e. Informa\u00e7\u00f5es preliminares apontam que a mulher j\u00e1 teria hist\u00f3rico de comportamento agressivo e epis\u00f3dios anteriores de viol\u00eancia.<\/p>\n<p>Diante da gravidade da situa\u00e7\u00e3o, a ocorr\u00eancia foi levada \u00e0 132\u00aa Delegacia de Pol\u00edcia, onde foi lavrado o boletim de ocorr\u00eancia e solicitado pedido de medida protetiva para garantir a seguran\u00e7a das crian\u00e7as. O Conselho Tutelar esteve presente durante todo o procedimento, acompanhando de perto o caso.<\/p>\n<p>A Patrulha Maria da Penha refor\u00e7a que den\u00fancias de viol\u00eancia dom\u00e9stica e familiar podem ser realizadas anonimamente pelo n\u00famero (22) 98154-8286. A participa\u00e7\u00e3o da popula\u00e7\u00e3o \u00e9 fundamental para prevenir e combater esse\u00a0tipo\u00a0de\u00a0crime.<\/p>\n","protected":false},"excerpt":{"rendered":"<p>Nesta ter\u00e7a-feira (17), uma den\u00fancia an\u00f4nima mobilizou a Patrulha Maria da Penha em Arraial do Cabo para atender um caso de viol\u00eancia envolvendo crian\u00e7as. A opera\u00e7\u00e3o contou com o apoio da ROMU (Ronda Ostensiva Municipal) e do Proeis. Ao chegarem no local indicado, as equipes encontraram quatro crian\u00e7as que, conforme relatos de testemunhas, vinham sendo [&hellip;]<\/p>\n","protected":false},"author":2,"featured_media":19877,"comment_status":"open","ping_status":"open","sticky":true,"template":"","format":"standard","meta":{"footnotes":""},"categories":[838],"tags":[1896],"class_list":["post-19876","post","type-post","status-publish","format-standard","has-post-thumbnail","hentry","category-arraial-do-cabo","tag-destaque"],"_links":{"self":[{"href":"https:\/\/blogdodanielgalvao.com.br\/site\/wp-json\/wp\/v2\/posts\/19876","targetHints":{"allow":["GET"]}}],"collection":[{"href":"https:\/\/blogdodanielgalvao.com.br\/site\/wp-json\/wp\/v2\/posts"}],"about":[{"href":"https:\/\/blogdodanielgalvao.com.br\/site\/wp-json\/wp\/v2\/types\/post"}],"author":[{"embeddable":true,"href":"https:\/\/blogdodanielgalvao.com.br\/site\/wp-json\/wp\/v2\/users\/2"}],"replies":[{"embeddable":true,"href":"https:\/\/blogdodanielgalvao.com.br\/site\/wp-json\/wp\/v2\/comments?post=19876"}],"version-history":[{"count":1,"href":"https:\/\/blogdodanielgalvao.com.br\/site\/wp-json\/wp\/v2\/posts\/19876\/revisions"}],"predecessor-version":[{"id":19878,"href":"https:\/\/blogdodanielgalvao.com.br\/site\/wp-json\/wp\/v2\/posts\/19876\/revisions\/19878"}],"wp:featuredmedia":[{"embeddable":true,"href":"https:\/\/blogdodanielgalvao.com.br\/site\/wp-json\/wp\/v2\/media\/19877"}],"wp:attachment":[{"href":"https:\/\/blogdodanielgalvao.com.br\/site\/wp-json\/wp\/v2\/media?parent=19876"}],"wp:term":[{"taxonomy":"category","embeddable":true,"href":"https:\/\/blogdodanielgalvao.com.br\/site\/wp-json\/wp\/v2\/categories?post=19876"},{"taxonomy":"post_tag","embeddable":true,"href":"https:\/\/blogdodanielgalvao.com.br\/site\/wp-json\/wp\/v2\/tags?post=19876"}],"curies":[{"name":"wp","href":"https:\/\/api.w.org\/{rel}","templated":true}]}}