{"id":19798,"date":"2025-06-16T17:12:04","date_gmt":"2025-06-16T20:12:04","guid":{"rendered":"https:\/\/blogdodanielgalvao.com.br\/site\/?p=19798"},"modified":"2025-06-16T17:12:04","modified_gmt":"2025-06-16T20:12:04","slug":"incidente-com-pitbull-em-buzios-reacende-debate-sobre-guarda-responsavel-de-caes","status":"publish","type":"post","link":"https:\/\/blogdodanielgalvao.com.br\/site\/incidente-com-pitbull-em-buzios-reacende-debate-sobre-guarda-responsavel-de-caes\/","title":{"rendered":"Incidente com pitbull em B\u00fazios reacende debate sobre guarda respons\u00e1vel de c\u00e3es"},"content":{"rendered":"<p>No \u00faltimo final de semana, um grave incidente envolvendo um pitbull em Arma\u00e7\u00e3o dos B\u00fazios mobilizou moradores e reacendeu o debate sobre a guarda respons\u00e1vel de c\u00e3es de grande porte. O animal invadiu o quintal de uma resid\u00eancia vizinha e atacou o cachorro da fam\u00edlia, causando a morte do pet. O fato ocorreu em um bairro residencial onde vivem crian\u00e7as pequenas, que poderiam ter sido v\u00edtimas do ataque.<\/p>\n<p>Testemunhas afirmam que o pitbull estava solto, sem focinheira e sem a supervis\u00e3o necess\u00e1ria, o que facilitou a fuga do animal da casa onde vivia. A aus\u00eancia de cuidados adequados gerou revolta entre os vizinhos, que exigem medidas das autoridades locais e responsabiliza\u00e7\u00e3o do dono do c\u00e3o.<\/p>\n<p>Al\u00e9m do impacto emocional pela perda do animal, a fam\u00edlia atingida manifesta preocupa\u00e7\u00e3o com a seguran\u00e7a dos demais moradores da comunidade, sobretudo das crian\u00e7as. Incidentes como esse destacam a import\u00e2ncia de seguir rigorosamente as normas que regulamentam a cria\u00e7\u00e3o e condu\u00e7\u00e3o de c\u00e3es potencialmente agressivos, para evitar situa\u00e7\u00f5es de risco e garantir a conviv\u00eancia pac\u00edfica no ambiente\u00a0urbano.<\/p>\n","protected":false},"excerpt":{"rendered":"<p>No \u00faltimo final de semana, um grave incidente envolvendo um pitbull em Arma\u00e7\u00e3o dos B\u00fazios mobilizou moradores e reacendeu o debate sobre a guarda respons\u00e1vel de c\u00e3es de grande porte. O animal invadiu o quintal de uma resid\u00eancia vizinha e atacou o cachorro da fam\u00edlia, causando a morte do pet. O fato ocorreu em um [&hellip;]<\/p>\n","protected":false},"author":2,"featured_media":19799,"comment_status":"open","ping_status":"open","sticky":true,"template":"","format":"standard","meta":{"footnotes":""},"categories":[824],"tags":[1896],"class_list":["post-19798","post","type-post","status-publish","format-standard","has-post-thumbnail","hentry","category-buzios","tag-destaque"],"_links":{"self":[{"href":"https:\/\/blogdodanielgalvao.com.br\/site\/wp-json\/wp\/v2\/posts\/19798","targetHints":{"allow":["GET"]}}],"collection":[{"href":"https:\/\/blogdodanielgalvao.com.br\/site\/wp-json\/wp\/v2\/posts"}],"about":[{"href":"https:\/\/blogdodanielgalvao.com.br\/site\/wp-json\/wp\/v2\/types\/post"}],"author":[{"embeddable":true,"href":"https:\/\/blogdodanielgalvao.com.br\/site\/wp-json\/wp\/v2\/users\/2"}],"replies":[{"embeddable":true,"href":"https:\/\/blogdodanielgalvao.com.br\/site\/wp-json\/wp\/v2\/comments?post=19798"}],"version-history":[{"count":1,"href":"https:\/\/blogdodanielgalvao.com.br\/site\/wp-json\/wp\/v2\/posts\/19798\/revisions"}],"predecessor-version":[{"id":19800,"href":"https:\/\/blogdodanielgalvao.com.br\/site\/wp-json\/wp\/v2\/posts\/19798\/revisions\/19800"}],"wp:featuredmedia":[{"embeddable":true,"href":"https:\/\/blogdodanielgalvao.com.br\/site\/wp-json\/wp\/v2\/media\/19799"}],"wp:attachment":[{"href":"https:\/\/blogdodanielgalvao.com.br\/site\/wp-json\/wp\/v2\/media?parent=19798"}],"wp:term":[{"taxonomy":"category","embeddable":true,"href":"https:\/\/blogdodanielgalvao.com.br\/site\/wp-json\/wp\/v2\/categories?post=19798"},{"taxonomy":"post_tag","embeddable":true,"href":"https:\/\/blogdodanielgalvao.com.br\/site\/wp-json\/wp\/v2\/tags?post=19798"}],"curies":[{"name":"wp","href":"https:\/\/api.w.org\/{rel}","templated":true}]}}